{"id":252,"date":"2004-03-13T00:00:00","date_gmt":"2004-03-12T23:00:00","guid":{"rendered":"https:\/\/terresdecrivains.org\/index.php\/2004\/03\/13\/au-maine-giraud-et-a-angouleme\/"},"modified":"2025-04-21T11:16:25","modified_gmt":"2025-04-21T09:16:25","slug":"au-maine-giraud-et-a-angouleme","status":"publish","type":"post","link":"https:\/\/terresdecrivains.org\/index.php\/2004\/03\/13\/au-maine-giraud-et-a-angouleme\/","title":{"rendered":"Au Maine-Giraud et \u00e0 Angoul\u00eame."},"content":{"rendered":"<p><\/p>\n<div align=\"right\"><b><b><i>\u00ab\u00a0Je suis chez moi avec Mme de Vigny, dans un vieux manoir, au milieu des roches et des bois. J&rsquo;y r\u00eave et j&rsquo;y \u00e9cris m\u00eame quelque chose de mes r\u00eaves.\u00a0\u00bb<p><\/p>\n<\/i><\/b><\/b><p><b><b><i><\/i><\/b><\/b><\/p>\n<p><b><b><i><\/i><\/b><\/b><\/p>\n<p><b><b><i><\/i><\/b><\/b><\/p>\n<p><b><b><i><\/i><\/b><\/b><\/p>\n<\/div>\n<div align=\"right\"><b><b><i>\u00ab\u00a0[&#8230;] le comte de Vigny, aussi amidonn\u00e9 et hautain qu&rsquo;\u00e0 l&rsquo;ordinaire [&#8230;] n&rsquo;a pas voulu passer, malgr\u00e9 ses d\u00e9sillusions, pour un d\u00e9serteur de l&rsquo;arm\u00e9e hugolienne. Le futur auteur de <\/i>Servitude et grandeur militaires<i> ne s&rsquo;est pas tromp\u00e9 sur le caract\u00e8re de l&rsquo;\u00e9v\u00e9nement : <\/i>\u00ab\u00a0Pour moi, je veux \u00eatre aussi exact \u00e0 mon poste d&rsquo;ami que je le fus&#8230; Que dis-je ? Cent fois plus exact que je le fus \u00e0 mon ridicule et ennuyeux poste de capitaine en temps de paix. [&#8230;] Ce sera temps de guerre jeudi soir.\u00a0\u00bb\u00a0\u00bb<br><i>Le pays de la litt\u00e9rature.<\/i> Pierre Lepape.<p><\/p>\n<\/b><\/b><p><b><b><\/b><\/b><\/p>\n<p><b><b><\/b><\/b><\/p>\n<p><b><b><\/b><\/b><\/p>\n<p><b><b><\/b><\/b><\/p>\n<\/div>\n<figure id=\"attachment_1489\" aria-describedby=\"caption-attachment-1489\" style=\"width: 280px\" class=\"wp-caption aligncenter\"><img loading=\"lazy\" class=\" aligncenter size-full wp-image-1489\" title=\"Le manoir du Maine-Giraud derri\u00e8re ses vignes.\" src=\"https:\/\/terresdecrivains.org\/wp-content\/uploads\/2004\/03\/jpg_mainegir1.jpg\" alt=\"Le manoir du Maine-Giraud derri\u00e8re ses vignes.\" width=\"280\" height=\"405\" align=\"middle\" srcset=\"https:\/\/terresdecrivains.org\/wp-content\/uploads\/2004\/03\/jpg_mainegir1.jpg 280w, https:\/\/terresdecrivains.org\/wp-content\/uploads\/2004\/03\/jpg_mainegir1-207x300.jpg 207w\" sizes=\"(max-width: 280px) 94vw, 280px\" \/><figcaption id=\"caption-attachment-1489\" class=\"wp-caption-text\">Le manoir du Maine-Giraud derri\u00e8re ses vignes.<\/figcaption><\/figure>\n<p>La pr\u00e9sence de Vigny hante encore les belles terres du Maine-Giraud et les vallons des environs. Le caract\u00e8re isol\u00e9 du domaine &#8211; entour\u00e9 alors de for\u00eats qui ont disparu pour une grande partie &#8211; rend bien compte de la solitude que vient y rechercher le po\u00e8te \u00e0 partir de 1838, solitude qu&rsquo;il renforce encore en montant m\u00e9diter et \u00e9crire dans sa chambre-cellule, en haut de la petite tour du manoir.<\/p>\n<p>L&rsquo;image de Vigny que donne Pierre Lepape ci-dessus (\u00e0 l&rsquo;occasion de la premi\u00e8re soir\u00e9e de repr\u00e9sentation d&rsquo;<em>Hernani<\/em>, le 25 f\u00e9vrier 1830) montre combien, dans la troupe des auteurs romantiques, le po\u00e8te d\u00e9tonne par sa raideur sombre, sa fiert\u00e9 de noble pauvre. Lamartine est \u00e9galement un noble, mais un peu moins pauvre et un peu moins fier(1).<\/p>\n<figure id=\"attachment_1490\" aria-describedby=\"caption-attachment-1490\" style=\"width: 330px\" class=\"wp-caption aligncenter\"><img loading=\"lazy\" class=\" aligncenter size-full wp-image-1490\" title=\"Vue de la \" src=\"https:\/\/terresdecrivains.org\/wp-content\/uploads\/2004\/03\/jpg_mainegir4.jpg\" alt=\"Vue de la \" width=\"330\" height=\"430\" align=\"middle\" srcset=\"https:\/\/terresdecrivains.org\/wp-content\/uploads\/2004\/03\/jpg_mainegir4.jpg 330w, https:\/\/terresdecrivains.org\/wp-content\/uploads\/2004\/03\/jpg_mainegir4-230x300.jpg 230w\" sizes=\"(max-width: 330px) 94vw, 330px\" \/><figcaption id=\"caption-attachment-1490\" class=\"wp-caption-text\">Vue de la \u00ab\u00a0tour d&rsquo;ivoire\u00a0\u00bb<\/figcaption><\/figure>\n<p>Vigny aurait voulu \u00eatre leader po\u00e9tique ou politique(2), il sera suiveur d&rsquo;Hugo et de Lamartine, acceptant son sort avec sto\u00efcisme&#8230; et un flegme tout britannique emprunt\u00e9 \u00e0 sa femme (depuis 1825) Lydia(3). Il conna\u00eet quelques beaux succ\u00e8s litt\u00e9raires (<em>Cinq Mars<\/em>, roman historique, en 1827 &#8211; ann\u00e9e o\u00f9 il quitte l&rsquo;arm\u00e9e -, <em>Chatterton<\/em>, jou\u00e9 en 1835&#8230;), mais est d\u00e9\u00e7u que ses po\u00e8mes, publi\u00e9s \u00e0 partir de 1822, ne rencontrent pas la m\u00eame faveur du public.<br>Le Maine-Giraud est donc une terre de retraite, pas un lieu de rencontres et de r\u00e9ceptions comme le sont d&rsquo;autres maisons d&rsquo;\u00e9crivains. Une terre de production, \u00e9galement : de po\u00e8mes (il compose en partie, dans sa \u00ab\u00a0tour d&rsquo;ivoire\u00a0\u00bb, <em>La Mort du loup, La Maison du berger, La Bouteille \u00e0 la mer<\/em>&#8230;) et de cognac, Vigny installant ici une distillerie qui alimentera la maison Hennessy.<br>\u00c0 Blanzac, on peut encore voir rue de la Vo\u00fbte la grande tour de l&rsquo;h\u00f4tel Monte-Christo, o\u00f9 Vigny venait n\u00e9gocier la vente de son vin.<\/p>\n<figure id=\"attachment_1491\" aria-describedby=\"caption-attachment-1491\" style=\"width: 300px\" class=\"wp-caption alignright\"><img loading=\"lazy\" class=\" alignright size-full wp-image-1491\" title=\"La tour de l'h\u00f4tel Monte-Christo \u00e0 Blanzac.\" src=\"https:\/\/terresdecrivains.org\/wp-content\/uploads\/2004\/03\/jpg_mainegir5.jpg\" alt=\"La tour de l'h\u00f4tel Monte-Christo \u00e0 Blanzac.\" width=\"300\" height=\"410\" align=\"right\" srcset=\"https:\/\/terresdecrivains.org\/wp-content\/uploads\/2004\/03\/jpg_mainegir5.jpg 300w, https:\/\/terresdecrivains.org\/wp-content\/uploads\/2004\/03\/jpg_mainegir5-220x300.jpg 220w\" sizes=\"(max-width: 300px) 94vw, 300px\" \/><figcaption id=\"caption-attachment-1491\" class=\"wp-caption-text\">La tour de l&rsquo;h\u00f4tel Monte-Christo \u00e0 Blanzac.<\/figcaption><\/figure>\n<p>Voir aussi <a href=\"https:\/\/terresdecrivains.org\/index.php\/2003\/08\/31\/alfred-de-vigny-au-maine-giraud\/\">Alfred de Vigny au Maine-Giraud<\/a>.<\/p>\n<hr>\n<p>Un peu plus loin et un plus proche de notre \u00e9poque, <a href=\"https:\/\/terresdecrivains.org\/index.php\/2005\/07\/24\/en-charente-avec-pierre-very\/\">Pierre V\u00e9ry<\/a> est n\u00e9 en 1900 \u00e0 Bellon. Il est l&rsquo;auteur de plus de <em>Goupi Mains Rouges, Les Disparus de Saint-Agil<\/em>, etc.<\/p>\n<p>Enfin, \u00e0 Angoul\u00eame ont v\u00e9cu Guez de Balzac (n\u00e9 place des Halles et mort 3 rue des Arceaux, en 1650) et les fr\u00e8res J\u00e9r\u00f4me et Jean Tharaud, prix Goncourt 1906 pour <em>Dingley, l&rsquo;illustre \u00e9crivain<\/em>, critique de Kipling et de l&rsquo;imp\u00e9rialisme anglais (qui habit\u00e8rent \u00e0 la \u00ab\u00a0Rampe du secours\u00a0\u00bb et \u00e9tudi\u00e8rent au lyc\u00e9e de la ville).<\/p>\n<p>Une plaque devant le Palais de justice garde la m\u00e9moire des uns et des autres, sans oublier Honor\u00e9 de Balzac qui fait vivre ici quelques-uns de ses plus importants personnages (voir <a href=\"https:\/\/terresdecrivains.org\/index.php\/2003\/10\/25\/honore-de-balzac-7\/\">Honor\u00e9 de Balzac. Illusions perdues \u00e0 Angoul\u00eame<\/a>).<\/p>\n<p><figure id=\"attachment_1492\" aria-describedby=\"caption-attachment-1492\" style=\"width: 360px\" class=\"wp-caption aligncenter\"><img loading=\"lazy\" class=\" aligncenter size-full wp-image-1492\" title=\"Les toits de Blanzac.\" src=\"https:\/\/terresdecrivains.org\/wp-content\/uploads\/2004\/03\/jpg_mainegir6.jpg\" alt=\"Les toits de Blanzac.\" width=\"360\" height=\"270\" align=\"middle\" srcset=\"https:\/\/terresdecrivains.org\/wp-content\/uploads\/2004\/03\/jpg_mainegir6.jpg 360w, https:\/\/terresdecrivains.org\/wp-content\/uploads\/2004\/03\/jpg_mainegir6-300x225.jpg 300w\" sizes=\"(max-width: 360px) 94vw, 360px\" \/><figcaption id=\"caption-attachment-1492\" class=\"wp-caption-text\">Les toits de Blanzac.<\/figcaption><\/figure><br>\n<figure id=\"attachment_1493\" aria-describedby=\"caption-attachment-1493\" style=\"width: 405px\" class=\"wp-caption aligncenter\"><img loading=\"lazy\" class=\" aligncenter size-full wp-image-1493\" title=\"L'int\u00e9rieur de la minuscule pi\u00e8ce de la \" src=\"https:\/\/terresdecrivains.org\/wp-content\/uploads\/2004\/03\/jpg_mainegir3.jpg\" alt=\"L'int\u00e9rieur de la minuscule pi\u00e8ce de la \" width=\"405\" height=\"305\" align=\"middle\" srcset=\"https:\/\/terresdecrivains.org\/wp-content\/uploads\/2004\/03\/jpg_mainegir3.jpg 405w, https:\/\/terresdecrivains.org\/wp-content\/uploads\/2004\/03\/jpg_mainegir3-300x226.jpg 300w\" sizes=\"(max-width: 405px) 94vw, 405px\" \/><figcaption id=\"caption-attachment-1493\" class=\"wp-caption-text\">L&rsquo;int\u00e9rieur de la minuscule pi\u00e8ce de la \u00ab\u00a0tour d&rsquo;ivoire\u00a0\u00bb<\/figcaption><\/figure><br>\n<figure id=\"attachment_1494\" aria-describedby=\"caption-attachment-1494\" style=\"width: 260px\" class=\"wp-caption aligncenter\"><img loading=\"lazy\" class=\" aligncenter size-full wp-image-1494\" title=\"Le palais de justice d'Angoul\u00eame.\" src=\"https:\/\/terresdecrivains.org\/wp-content\/uploads\/2004\/03\/jpg_palais-2.jpg\" alt=\"Le palais de justice d'Angoul\u00eame.\" width=\"260\" height=\"350\" align=\"middle\" srcset=\"https:\/\/terresdecrivains.org\/wp-content\/uploads\/2004\/03\/jpg_palais-2.jpg 260w, https:\/\/terresdecrivains.org\/wp-content\/uploads\/2004\/03\/jpg_palais-2-223x300.jpg 223w\" sizes=\"(max-width: 260px) 94vw, 260px\" \/><figcaption id=\"caption-attachment-1494\" class=\"wp-caption-text\">Le palais de justice d&rsquo;Angoul\u00eame.<\/figcaption><\/figure><\/p>\n\n\n<p><em>Notes :<\/em><br>(1) : Vigny qualifiait le manoir du Maine-Giraud &#8211; un \u00ab\u00a0logis\u00a0\u00bb, selon la d\u00e9nomination charentaise, du XVe si\u00e8cle &#8211; de \u00ab\u00a0ch\u00e2teau f\u00e9odal\u00a0\u00bb et le consid\u00e9rait comme une propri\u00e9t\u00e9 tr\u00e8s ancienne de sa famille, alors que son grand-p\u00e8re maternel ne l&rsquo;acquit qu&rsquo;en 1768. La tour carr\u00e9e date du XVIIe si\u00e8cle.<br>(2) : Il applaudit successivement \u00e0 la r\u00e9volution de 1848 &#8211; mais \u00e9choue en 1848 et 1849 aux \u00e9lections l\u00e9gislatives en Charente &#8211; et \u00e0 l&rsquo;av\u00e8nement du Second Empire.<br>(3) : Celle-ci, malgr\u00e9 les espoirs de son mari, ne lui apporte ni v\u00e9ritable amour, ni enfants &#8211; elle est victime de deux fausses couches -, ni richesse (il passe sa vie \u00e0 la soigner).<\/p>\n","protected":false},"excerpt":{"rendered":"<p>\u00ab\u00a0Je suis chez moi avec Mme de Vigny, dans un vieux manoir, au milieu des roches et des [&hellip;]<\/p>\n","protected":false},"author":1,"featured_media":1489,"comment_status":"closed","ping_status":"open","sticky":false,"template":"","format":"standard","meta":[],"categories":[3],"tags":[31,27],"_links":{"self":[{"href":"https:\/\/terresdecrivains.org\/index.php\/wp-json\/wp\/v2\/posts\/252"}],"collection":[{"href":"https:\/\/terresdecrivains.org\/index.php\/wp-json\/wp\/v2\/posts"}],"about":[{"href":"https:\/\/terresdecrivains.org\/index.php\/wp-json\/wp\/v2\/types\/post"}],"author":[{"embeddable":true,"href":"https:\/\/terresdecrivains.org\/index.php\/wp-json\/wp\/v2\/users\/1"}],"replies":[{"embeddable":true,"href":"https:\/\/terresdecrivains.org\/index.php\/wp-json\/wp\/v2\/comments?post=252"}],"version-history":[{"count":7,"href":"https:\/\/terresdecrivains.org\/index.php\/wp-json\/wp\/v2\/posts\/252\/revisions"}],"predecessor-version":[{"id":6031,"href":"https:\/\/terresdecrivains.org\/index.php\/wp-json\/wp\/v2\/posts\/252\/revisions\/6031"}],"wp:featuredmedia":[{"embeddable":true,"href":"https:\/\/terresdecrivains.org\/index.php\/wp-json\/wp\/v2\/media\/1489"}],"wp:attachment":[{"href":"https:\/\/terresdecrivains.org\/index.php\/wp-json\/wp\/v2\/media?parent=252"}],"wp:term":[{"taxonomy":"category","embeddable":true,"href":"https:\/\/terresdecrivains.org\/index.php\/wp-json\/wp\/v2\/categories?post=252"},{"taxonomy":"post_tag","embeddable":true,"href":"https:\/\/terresdecrivains.org\/index.php\/wp-json\/wp\/v2\/tags?post=252"}],"curies":[{"name":"wp","href":"https:\/\/api.w.org\/{rel}","templated":true}]}}