{"id":34,"date":"2003-08-14T19:23:48","date_gmt":"2003-08-14T17:23:48","guid":{"rendered":"https:\/\/terresdecrivains.org\/index.php\/2003\/08\/14\/bernard-clavel\/"},"modified":"2021-06-25T20:28:43","modified_gmt":"2021-06-25T18:28:43","slug":"bernard-clavel","status":"publish","type":"post","link":"https:\/\/terresdecrivains.org\/index.php\/2003\/08\/14\/bernard-clavel\/","title":{"rendered":"Bernard CLAVEL"},"content":{"rendered":"<figure id=\"attachment_1229\" aria-describedby=\"caption-attachment-1229\" style=\"width: 410px\" class=\"wp-caption aligncenter\"><img loading=\"lazy\" class=\" aligncenter size-full wp-image-1229\" src=\"https:\/\/terresdecrivains.org\/wp-content\/uploads\/2003\/08\/jpg_clavel.jpg\" alt=\"La maison de Ch\u00e2teau-Ch\u00e2lon.\" title=\"La maison de Ch\u00e2teau-Ch\u00e2lon.\" class=\"caption\" align=\"center\" width=\"410\" height=\"310\" srcset=\"https:\/\/terresdecrivains.org\/wp-content\/uploads\/2003\/08\/jpg_clavel.jpg 410w, https:\/\/terresdecrivains.org\/wp-content\/uploads\/2003\/08\/jpg_clavel-300x227.jpg 300w\" sizes=\"(max-width: 410px) 94vw, 410px\" \/><figcaption id=\"caption-attachment-1229\" class=\"wp-caption-text\">La maison de Ch\u00e2teau-Ch\u00e2lon.<\/figcaption><\/figure>\n<p>(Voir aussi <a href=\"https:\/\/terresdecrivains.org\/index.php\/2006\/08\/20\/sur-les-pas-de-bernard-clavel-a-dole\/\">653<\/a>).<\/p>\n<p><html><\/p>\n<div align=\"right\"><b><i><br \/>\n\u00ab\u00a0Je suis un menteur-n\u00e9.\u00a0\u00bb<br \/><\/i><br \/>\nClavel \u00e0 Adeline Rivard, dans <i>Bernard Clavel, qui \u00eates-vous ?<\/i><\/b><\/div>\n<p><div align=\"right\"><b><i>\u00ab\u00a0Mon exp\u00e9rience est celle d&rsquo;un homme qui s&rsquo;est battu et se bat pour vivre ; qui voit des gens sans cesse aux prises avec des probl\u00e8mes.\u00a0\u00bb<br \/>\n<br \/>idem<\/i><\/b><\/div>\n<p><div align=\"right\"><b><i>\u00ab\u00a0Jamais je n&rsquo;ai \u00e9crit quelque chose qui se situait l\u00e0 o\u00f9 je vivais.\u00a0\u00bb<br \/><\/i><br \/>\nBernard Clavel, dans l&rsquo;\u00e9mission <i>Un si\u00e8cle d&rsquo;\u00e9crivains.<\/i><\/b><\/div>\n<p><\/html><\/p>\n<p>La magie des lieux op\u00e8re de pr\u00e9f\u00e9rence \u00e0 distance.<br \/>\nClavel, l&rsquo;homme aux quarante d\u00e9m\u00e9nagements, le dit bien ci-dessus.<br \/>\n<br \/>Elle a ceci de particulier qu&rsquo;elle n&rsquo;est pas automatique : il n&rsquo;existe sans doute pas de lieu qui soit \u00ab\u00a0magique\u00a0\u00bb pour tout le monde ; il l&rsquo;est pour tel ou tel, ou pour tel \u00e0 un moment de sa vie.<\/p>\n<p>Ch\u00e2teau-Ch\u00e2lon n&rsquo;est donc pas magique, malgr\u00e9 les apparences.<br \/>\n<br \/>Bernard Clavel en fait l&rsquo;exp\u00e9rience lorsqu&rsquo;il s&rsquo;installe l\u00e0 en 1970, dans une belle maison de pierres en-dessous de l&rsquo;\u00e9glise du village, qui surplombe la vall\u00e9e de la Seille et le pays de Bresse.<br \/>\n<br \/>Il revient dans la r\u00e9gion de son enfance pour, pense t-il, y finir ses jours.<br \/>\n<br \/>Mais il revend cette maison \u00ab\u00a0invivable\u00a0\u00bb cinq ans plus tard, sans y avoir trouv\u00e9 une once d&rsquo;inspiration.<\/p>\n<p>&#8211; Il est n\u00e9 \u00e0 Lons-le-Saulnier -la ville de Paul-\u00c9mile Victor- le 29 mai 1923. Dans Les fruits de l&rsquo;hiver (prix Goncourt 1968), il raconte la vie de ses parents boulangers qui \u00ab\u00a0sont morts en pensant qu[&lsquo;il serait] un rat\u00e9\u00a0\u00bb. La maison familiale se situe 25 bis rue des \u00c9coles.<br \/>\n&#8211; L&rsquo;enfance de l&rsquo;\u00e9crivain est berc\u00e9e par les r\u00e9cits d&rsquo;avant-guerre de son p\u00e8re, les aventures africaines et orientales de son oncle et de sa tante L\u00e9a (de Dole, comme la tante L\u00e9a de son compatriote et ami Marcel Aym\u00e9), les livres de Pergaud, autre compatriote, de Dorgel\u00e8s, Rolland,&#8230;<br \/>\n&#8211; \u00c0 quatorze ans, il refuse de continuer l&rsquo;\u00e9cole et quitte Lons pour Dole, o\u00f9 il devient apprenti-p\u00e2tissier pour deux ann\u00e9es. Deux ann\u00e9es d&rsquo;exploitation, d&rsquo;humiliation&#8230; et d&rsquo;exploration.<br \/>\n&#8211; La guerre le voit exercer mille m\u00e9tiers \u00e0 Lons, Annecy, Lyon, et entre deux, la peinture et l&rsquo;\u00e9criture, puis s&rsquo;engager dans le maquis du Jura. Apr\u00e8s avoir lu La retraite de Russie de Hugo, il d\u00e9crit en alexandrins la d\u00e9b\u00e2cle de 1940. Sa m\u00e8re corrige les fautes d&rsquo;orthographe. Bient\u00f4t, pour son premier amour, il \u00e9crit des tonnes de po\u00e8mes.<br \/>\n&#8211; En 1945, mari\u00e9, il s&rsquo;installe \u00e0 Vernaison, un peu au sud de Lyon : d&rsquo;abord dans un entrep\u00f4t, puis dans la maison Pr\u00e9nat, puis dans un b\u00e2timent voisin de la ferme Berthier, enfin \u00e0 la Croix-du-Meunier. Il travaille \u00e0 la toute nouvelle S\u00e9curit\u00e9 sociale&#8230; pendant neuf ans. Le Rh\u00f4ne guide sa plume et lui inspire en particulier ses deux premiers romans publi\u00e9s : <em>L&rsquo;Ouvrier de la nuit<\/em>, en 1956, et <em>Pirates du Rh\u00f4ne<\/em>.<br \/>\nIl quitte Vernaison pour Lyon[[D&rsquo;abord quai Romain Rolland (1957 \u00e0 61) puis cours de la Libert\u00e9 (61 \u00e0 64).]], et la S\u00e9cu pour <em>Le Progr\u00e8s de Lyon<\/em>, en passant par la reliure.<br \/>\n&#8211; Il d\u00e9cide de n&rsquo;\u00eatre plus qu&rsquo;\u00e9crivain et habite Chelles \u00e0 partir d&rsquo;octobre 1964 (mais l\u00e0 aussi, la magie des lieux n&rsquo;agit pas), puis Brunoy \u00e0 partir de 1969.<br \/>\n&#8211; De 1970 \u00e0 1975, son port d&rsquo;attache est donc Ch\u00e2teau-Ch\u00e2lon, cadre du Silence des armes. Tiennot, La Saison des loups (premier \u00e9pisode des Colonnes du Ciel) ont pour d\u00e9cor le Jura.<br \/>\n<br \/>Son ami Michel Tournier -s\u00e9dentaire, lui, depuis plus de quarante ans !- dit de Clavel qu&rsquo;il est un auteur \u00ab\u00a0g\u00e9ographique\u00a0\u00bb ; ses h\u00e9ros sont pouss\u00e9s en avant par leur rapport \u00e0 la terre.<br \/>\n&#8211; Ensuite, c&rsquo;est Villeneuve-sur-Yonne, dans la maison Les Relais.<br \/>\n&#8211; Fin 77, invit\u00e9 pour une semaine au Qu\u00e9bec, il s&rsquo;y installe aux c\u00f4t\u00e9s de Josette Pratte. L&rsquo;\u00e9pop\u00e9e Les Colonnes du ciel comptera un cinqui\u00e8me tome, non pr\u00e9vu \u00e0 l&rsquo;origine (et qui fait sortir le r\u00e9cit de la carte Michelin n\u00b070, dans laquelle se serrent les quatre premiers tomes) : Compagnons du Nouveau Monde. Ses lieux de vie : Montr\u00e9al et une ferme de Saint-T\u00e9lesphore, un de ses lieux les plus chers.<br \/>\n&#8211; Retour en Europe d\u00e9but 79 : l&rsquo;h\u00f4tel de l&rsquo;Abbaye, dans le 6e \u00e0 Paris, la banlieue de Bruxelles, le Portugal, Paris \u00e0 nouveau, le hameau du Pissoux dans le haut-Doubs, Morges pr\u00e8s de Lausanne sur les rives du Lac L\u00e9man (1981), l&rsquo;Irlande (Doon House, pr\u00e8s du lough Corrib, dans le comt\u00e9 de Galway), Saint-R\u00e9my-de-Provence, la Savoie, le Bordelais, puis Morges \u00e0 nouveau. <\/p>\n<p><strong>\u00c0 voir aux alentours<\/strong><\/p>\n<p>Les voisins \u00e9crivains des alentours (de Lons et Dole) :<br \/>\n&#8211; <a href=\"https:\/\/terresdecrivains.org\/index.php\/2003\/11\/03\/louis-pergaud-en-franche-comte-et-a-paris\/\">Louis Pergaud \u00e0 Belmont<\/a>,<br \/>\n&#8211; <a href=\"https:\/\/terresdecrivains.org\/index.php\/2003\/08\/28\/stephane-mallarme\/\">Mallarm\u00e9 \u00e0 Besan\u00e7on<\/a>,<br \/>\n&#8211; <a href=\"https:\/\/terresdecrivains.org\/index.php\/2003\/08\/14\/marcel-ayme\/\">Marcel Aym\u00e9 \u00e0 Villers-Robert<\/a>. <\/p>\n<p><strong>Petite bibliographie<\/strong><br \/>\n<br \/>\u00c0 lire absolument : la discussion rude et passionnante que propose Adeline Rivard dans <em>Bernard Clavel, qui \u00eates-vous ?<\/em> \u00c9ditions Pocket n\u00b010838, 220 p., 2000. <\/p>\n","protected":false},"excerpt":{"rendered":"<p>(Voir aussi 653). \u00ab\u00a0Je suis un menteur-n\u00e9.\u00a0\u00bb Clavel \u00e0 Adeline Rivard, dans Bernard Clavel, qui \u00eates-vous ? \u00ab\u00a0Mon [&hellip;]<\/p>\n","protected":false},"author":1,"featured_media":1229,"comment_status":"closed","ping_status":"open","sticky":false,"template":"","format":"standard","meta":[],"categories":[2],"tags":[33],"_links":{"self":[{"href":"https:\/\/terresdecrivains.org\/index.php\/wp-json\/wp\/v2\/posts\/34"}],"collection":[{"href":"https:\/\/terresdecrivains.org\/index.php\/wp-json\/wp\/v2\/posts"}],"about":[{"href":"https:\/\/terresdecrivains.org\/index.php\/wp-json\/wp\/v2\/types\/post"}],"author":[{"embeddable":true,"href":"https:\/\/terresdecrivains.org\/index.php\/wp-json\/wp\/v2\/users\/1"}],"replies":[{"embeddable":true,"href":"https:\/\/terresdecrivains.org\/index.php\/wp-json\/wp\/v2\/comments?post=34"}],"version-history":[{"count":4,"href":"https:\/\/terresdecrivains.org\/index.php\/wp-json\/wp\/v2\/posts\/34\/revisions"}],"predecessor-version":[{"id":3088,"href":"https:\/\/terresdecrivains.org\/index.php\/wp-json\/wp\/v2\/posts\/34\/revisions\/3088"}],"wp:featuredmedia":[{"embeddable":true,"href":"https:\/\/terresdecrivains.org\/index.php\/wp-json\/wp\/v2\/media\/1229"}],"wp:attachment":[{"href":"https:\/\/terresdecrivains.org\/index.php\/wp-json\/wp\/v2\/media?parent=34"}],"wp:term":[{"taxonomy":"category","embeddable":true,"href":"https:\/\/terresdecrivains.org\/index.php\/wp-json\/wp\/v2\/categories?post=34"},{"taxonomy":"post_tag","embeddable":true,"href":"https:\/\/terresdecrivains.org\/index.php\/wp-json\/wp\/v2\/tags?post=34"}],"curies":[{"name":"wp","href":"https:\/\/api.w.org\/{rel}","templated":true}]}}