{"id":41,"date":"2003-08-14T19:30:13","date_gmt":"2003-08-14T17:30:13","guid":{"rendered":"https:\/\/terresdecrivains.org\/index.php\/2003\/08\/14\/joseph-conrad-a-marseille-hyeres-montpellier\/"},"modified":"2021-09-01T21:47:35","modified_gmt":"2021-09-01T19:47:35","slug":"joseph-conrad-a-marseille-hyeres-montpellier","status":"publish","type":"post","link":"https:\/\/terresdecrivains.org\/index.php\/2003\/08\/14\/joseph-conrad-a-marseille-hyeres-montpellier\/","title":{"rendered":"Joseph CONRAD \u00e0 Marseille, Hy\u00e8res, Montpellier&#8230;"},"content":{"rendered":"<div align=\"right\"><b><i>\u00ab\u00a0Marseille, o\u00f9 j&rsquo;ai jet\u00e9 mon premier coup d&rsquo;oeil conscient sur le monde et la vie.\u00a0\u00bb<\/i><br \/>\nJoseph Conrad<\/b><\/div>\n<p>Certains \u00e9crivains ont \u00e9t\u00e9 marins. Mais rares sont ceux qui, comme Conrad, ont \u00e9t\u00e9 capitaines.<\/p>\n<p>Ses aventures maritimes commencent \u00e0 Marseille, et sur des navires de la marine marchande fran\u00e7aise. Enfant, il avait d\u00e9couvert la France par les r\u00e9cits de son p\u00e8re, qu&rsquo;il perd t\u00f4t, comme sa m\u00e8re, tu\u00e9s par la tuberculose.<\/p>\n<p>Fin 1874. A dix-sept ans, pour devenir marin, il arrive de Pologne \u00e0 Marseille, qui sera son port d&rsquo;attache jusqu&rsquo;\u00e0 avril 1878.<\/p>\n<p>S&rsquo;il arrive \u00e0 Marseille, ce n&rsquo;est pas pour rester \u00e0 terre. D&rsquo;ailleurs, les lieux o\u00f9 il y a v\u00e9cu sont peu connus, car Conrad n&rsquo;a pas tenu de journal et a d\u00e9truit toutes ses notes, et ses r\u00e9cits qui ont pour cadre la c\u00f4te m\u00e9diterran\u00e9enne m\u00ealent trop fiction et r\u00e9alit\u00e9. Seul lieu de r\u00e9sidence identifi\u00e9 : la pension de famille de Th\u00e9r\u00e8se Chodzko, 9 boulevard des Iles d&rsquo;Or \u00e0 Hy\u00e8res, qui l&rsquo;accueille \u00e0 son arriv\u00e9e \u00e0 Marseille.<\/p>\n<p>De l\u00e0, Conrad embarque pour les Antilles en 1875 sur le Mont-Blanc et, en 1876, sur le Saint-Antoine, voyageant jusqu&rsquo;aux Antilles, au Mexique et au V\u00e9n\u00e9zu\u00e9la. L&rsquo;armateur, M. Delestang, a des amiti\u00e9s royalistes, et Conrad livre des fusils \u00e0 quelques r\u00e9volutionnaires en Colombie.<\/p>\n<p>De retour \u00e0 Marseille, il continue dans la contrebande d&rsquo;armes, pour un pr\u00e9tendant au tr\u00f4ne d&rsquo;Espagne. Ces activit\u00e9s le m\u00e8nent \u00e0 croiser une jolie dame espagnole, pour qui il va jusqu&rsquo;au duel&#8230; ce qui acc\u00e9l\u00e8re son d\u00e9part de Marseille et le presse \u00e0 s&rsquo;enr\u00f4ler dans la marine anglaise en 1878.<\/p>\n<p>Deux romans encadrent ses ann\u00e9es marseillaises : <em>La fl\u00e8che d&rsquo;or<\/em>, roman de la jeunesse, et <em>Le fr\u00e8re de la c\u00f4te<\/em>, r\u00e9cit d&rsquo;une derni\u00e8re mission dans la presqu&rsquo;\u00eele de Giens (ce qui montre l&rsquo;attachement que Conrad conserve toute sa vie pour Marseille, \u00e0 la diff\u00e9rence par exemple d&rsquo;Isabelle Eberhardt). <em>La fl\u00e8che d&rsquo;or<\/em> rend compte assez fid\u00e8lement de ses aventures des ann\u00e9es 1874-1878. Les lieux du roman se reconnaissent, l\u00e9g\u00e8rement modifi\u00e9s : le caf\u00e9 de la Colonne Trajane, tenu par Mme L\u00e9onore pr\u00e8s du Vieux-Port, la rue Sylvabelle (sans doute) devenue rue des Consuls dans le roman, le caf\u00e9 Bodoul, la Maison Dor\u00e9e, comme indiqu\u00e9e dans le roman, et la pension de Th\u00e9r\u00e8se Chodzko, qui est le mod\u00e8le de la pension du livre.<\/p>\n<p>Conrad revient dans la r\u00e9gion en 1905, \u00e0 son retour de Capri. Et il est \u00e0 Marseille en janvier-f\u00e9vrier 1921, en route vers la Corse. Il sera accueilli chez Edith Wharton \u00e0 la villa Sainte-Claire-du-vieux-ch\u00e2teau, \u00e0 Hy\u00e8res, o\u00f9 il rencontre Paul Bourget.<\/p>\n<p>En mars-avril 1921, il est \u00e0 Ajaccio pour surmonter une d\u00e9pression, rep\u00e9rer les lieux de son roman Suspense et se documenter, \u00e0 la biblioth\u00e8que municipale, sur l&rsquo;\u00e9poque r\u00e9volutionnaire.<\/p>\n<p><strong>Autres demeures de l&rsquo;auteur<\/strong><\/p>\n<p>Conrad a \u00e9galement connu d&rsquo;autres lieux de r\u00e9sidence en France :<br \/>\n&#8211; \u00c0 <a href=\"https:\/\/terresdecrivains.org\/index.php\/2003\/08\/14\/joseph-conrad-a-lannion-et-lile-grande\/\">Lannion et L&rsquo;Ile Grande<\/a>, en Bretagne,<br \/>\n&#8211; En f\u00e9vrier 1906, il est de passage \u00e0 <a href=\"https:\/\/terresdecrivains.org\/index.php\/2004\/08\/06\/ecrivains-a-montpellier\/\">Montpellier<\/a>, au moment o\u00f9 il con\u00e7oit <em>Le duel<\/em>. Il s\u00e9journe \u00e0 l&rsquo;h\u00f4tel Riche. Il est \u00e0 nouveau \u00e0 Montpellier en d\u00e9cembre.<br \/>\n&#8211; En Angleterre, les Conrad habitent :<\/p>\n<ul>\n<li style=\"list-style-type: none;\">\n<ul>\n<li>\u00e0 Stanford-le-Hope dans l&rsquo;Essex entre 1896 et 1898 (o\u00f9 il travaille sur Le n\u00e8gre du Narcisse),<\/li>\n<li>\u00e0 Pent Farm, maison lou\u00e9e \u00e0 Ford Madox Ford pr\u00e8s de Hythe dans le Kent, jusqu&rsquo;\u00e0 1907, o\u00f9 il compose <em>Au coeur des t\u00e9n\u00e8bres, Lord Jim, Nostromo, L&rsquo;Agent secret, Typhon, Falk et Amy Foster<\/em>,<\/li>\n<li>Someries, une maison de Luton Hoo, pr\u00e8s de Londres,<\/li>\n<li>puis, en 1909, un appartement au-dessus d&rsquo;une boucherie d&rsquo;Aldington, puis,<\/li>\n<li>entre juin 1910 et 1919, la jolie petite ferme de Capel House, \u00e0 Orlestone dans le Kent, o\u00f9 Gide rencontre Conrad le 17 juillet 1911,<\/li>\n<li>puis \u00e0 Oswalds, \u00e0 Bishopsbourne pr\u00e8s de Canterbury.<\/li>\n<\/ul>\n<\/li>\n<\/ul>\n<p>L&rsquo;\u00e9crivain repose dans le c\u00f4t\u00e9 nord-est du cimeti\u00e8re catholique de Canterbury. Sa pierre tombale est simple, et c&rsquo;est son nom en polonais qui est grav\u00e9 dans le marbre.<\/p>\n<p><strong>Quelqu&rsquo;un \u00e0 contacter ?<\/strong><br \/>\n<a href=\"http:\/\/www.josephconradsociety.org\/\" target=\"_blank\" rel=\"noopener noreferrer\">La Joseph Conrad Society<\/a>.<\/p>\n<p><strong>\u00c0 voir aux alentours<\/strong><\/p>\n<p>&#8211; <a href=\"https:\/\/terresdecrivains.org\/index.php\/2003\/08\/28\/marcel-pagnol-a-aubagne-marseille-paris\/\">Marcel Pagnol<\/a>, Isabelle Eberhardt \u00e0 Marseille,<br \/>\n&#8211; <a href=\"https:\/\/terresdecrivains.org\/index.php\/2003\/08\/29\/stefan-zweig\/\">Stefan Zweig<\/a> \u00e0 Marseille et Nice,<br \/>\n&#8211; <a href=\"https:\/\/terresdecrivains.org\/index.php\/2003\/08\/28\/gaston-leroux\/\">Gaston Leroux<\/a> \u00e0 Menton et Nice,<br \/>\n&#8211; <a href=\"https:\/\/terresdecrivains.org\/index.php\/2003\/08\/14\/jean-cocteau\/\">Jean Cocteau<\/a> \u00e0 Menton,<br \/>\n&#8211; Gogol \u00e0 Nice,<br \/>\n&#8211; <a href=\"https:\/\/terresdecrivains.org\/index.php\/2003\/08\/28\/guy-de-maupassant-a-paris-chatou-poissy\/\">Maupassant<\/a> \u00e0 Antibes et Cannes,<br \/>\n&#8211; <a href=\"https:\/\/terresdecrivains.org\/index.php\/2003\/08\/28\/vladimir-nabokov-a-paris-cannes-menton-etc\/\">Nabokov<\/a> \u00e0 Cannes,<br \/>\n&#8211; Mann et <a href=\"https:\/\/terresdecrivains.org\/index.php\/2003\/08\/19\/aldous-huxley\/\">Huxley<\/a> \u00e0 Sanary,<br \/>\n&#8211; Wells \u00e0 Magagnosc,<br \/>\n&#8211; <a href=\"https:\/\/terresdecrivains.org\/index.php\/2003\/08\/14\/alphonse-daudet-a-clamart-paris-et-champrosay\/\">Alphonse Daudet<\/a> \u00e0 N\u00eemes et Fontvieille,<br \/>\n&#8211; <a href=\"https:\/\/terresdecrivains.org\/index.php\/2003\/08\/28\/stephane-mallarme\/\">Mallarm\u00e9<\/a> \u00e0 Avignon,<br \/>\n&#8211; <a href=\"https:\/\/terresdecrivains.org\/index.php\/2003\/08\/19\/jean-giono\/\">Giono<\/a> \u00e0 Manosque,<br \/>\n&#8211; Fr\u00e9d\u00e9ric Mistral \u00e0 Maillane,<br \/>\n&#8211; Vauvenargues \u00e0 Vauvenargues,<br \/>\n&#8211; <a href=\"https:\/\/terresdecrivains.org\/index.php\/2003\/08\/14\/blaise-cendrars\/\">Blaise Cendrars<\/a> \u00e0 Aix-en-Provence,<br \/>\n&#8211; <a href=\"https:\/\/terresdecrivains.org\/index.php\/2003\/08\/14\/alexandra-david-neel-a-paris-toulon-digne-et-en-asie\/\">Alexandra David-Neel<\/a> \u00e0 Digne,<br \/>\n&#8211; Paul Val\u00e9ry \u00e0 S\u00e8te,<br \/>\n&#8211; <a href=\"https:\/\/terresdecrivains.org\/index.php\/2003\/08\/14\/colette-3\/\">Colette<\/a> \u00e0 La Treille Muscate (Saint-Tropez),<br \/>\n&#8211; <a href=\"https:\/\/terresdecrivains.org\/index.php\/2003\/08\/28\/jacques-prevert\/\">Pr\u00e9vert<\/a>, <a href=\"https:\/\/terresdecrivains.org\/index.php\/2003\/08\/13\/georges-bernanos\/\">Bernanos<\/a> \u00e0 Toulon.<\/p>\n<p><strong>Petite bibliographie<\/strong><br \/>\n<em>La fl\u00e8che d&rsquo;or<\/em>. Joseph Conrad. Folio n\u00b0978.<br \/>\n<em>Le fr\u00e8re de la c\u00f4te<\/em>. Joseph Conrad. Folio n\u00b0831.<br \/>\n<em>Le Miroir de la mer<\/em>. Joseph Conrad. Gallimard.<br \/>\n<em>Les ann\u00e9es de mer de Joseph Conrad<\/em>. Jerry Allen. Editions Deno\u00ebl, 1968.<br \/>\n<em>Topographie d&rsquo;un roman : Le Fr\u00e8re de la c\u00f4te<\/em>. Article de Claudine Lesage-Holuigue, paru dans L&rsquo;univers conradien, publi\u00e9 en 1988 par la Soci\u00e9t\u00e9 Conradienne fran\u00e7aise (Facult\u00e9 des Lettres et des Sciences Humaines, 39E rue Camille Gu\u00e9rin, 87036 Limoges C\u00e9dex).<br \/>\n<em>La maison de Th\u00e9r\u00e8se<\/em> (Joseph Conrad, les ann\u00e9es fran\u00e7aises, 1874-1878). Claudine Lesage, Ed. Sterne, Amiens, 1992.<br \/>\nClaudine Lesage montre que les ann\u00e9es m\u00e9diterran\u00e9ennes de Conrad ont impr\u00e9gn\u00e9 une grande partie de son oeuvre, tant pour les lieux que pour les personnages.<br \/>\n<em>Dossier Conrad<\/em> du Magazine litt\u00e9raire n\u00b0297, mars 1992.<br \/>\n<em>Joseph Conrad, trois vies<\/em>. Frederick R. Karl, Ed. Fayard-Mazarine, 1987.<br \/>\n<em>Joseph Conrad<\/em>. Zdzislav Najder, Ed. de la Table ronde, 1989.<br \/>\n<em>La C\u00f4te d&rsquo;Azur des \u00e9crivains<\/em>. Christian Arthaud et Eric L. Paul, Edisud 1999.<br \/>\n<em>Le pays du Fr\u00e8re de la c\u00f4te<\/em>. Article et photographies de Robert Coiplet, in Demeures inspir\u00e9es et sites romanesques, tome III, \u00e9ditions de l&rsquo;Illustration.<\/p>\n","protected":false},"excerpt":{"rendered":"<p>\u00ab\u00a0Marseille, o\u00f9 j&rsquo;ai jet\u00e9 mon premier coup d&rsquo;oeil conscient sur le monde et la vie.\u00a0\u00bb Joseph Conrad Certains [&hellip;]<\/p>\n","protected":false},"author":1,"featured_media":0,"comment_status":"closed","ping_status":"open","sticky":false,"template":"","format":"standard","meta":[],"categories":[2],"tags":[36],"_links":{"self":[{"href":"https:\/\/terresdecrivains.org\/index.php\/wp-json\/wp\/v2\/posts\/41"}],"collection":[{"href":"https:\/\/terresdecrivains.org\/index.php\/wp-json\/wp\/v2\/posts"}],"about":[{"href":"https:\/\/terresdecrivains.org\/index.php\/wp-json\/wp\/v2\/types\/post"}],"author":[{"embeddable":true,"href":"https:\/\/terresdecrivains.org\/index.php\/wp-json\/wp\/v2\/users\/1"}],"replies":[{"embeddable":true,"href":"https:\/\/terresdecrivains.org\/index.php\/wp-json\/wp\/v2\/comments?post=41"}],"version-history":[{"count":21,"href":"https:\/\/terresdecrivains.org\/index.php\/wp-json\/wp\/v2\/posts\/41\/revisions"}],"predecessor-version":[{"id":4715,"href":"https:\/\/terresdecrivains.org\/index.php\/wp-json\/wp\/v2\/posts\/41\/revisions\/4715"}],"wp:attachment":[{"href":"https:\/\/terresdecrivains.org\/index.php\/wp-json\/wp\/v2\/media?parent=41"}],"wp:term":[{"taxonomy":"category","embeddable":true,"href":"https:\/\/terresdecrivains.org\/index.php\/wp-json\/wp\/v2\/categories?post=41"},{"taxonomy":"post_tag","embeddable":true,"href":"https:\/\/terresdecrivains.org\/index.php\/wp-json\/wp\/v2\/tags?post=41"}],"curies":[{"name":"wp","href":"https:\/\/api.w.org\/{rel}","templated":true}]}}