{"id":4644,"date":"2022-03-08T15:15:29","date_gmt":"2022-03-08T14:15:29","guid":{"rendered":"https:\/\/terresdecrivains.org\/?p=4644"},"modified":"2025-05-26T17:52:13","modified_gmt":"2025-05-26T15:52:13","slug":"joseph-conrad-a-geneve","status":"publish","type":"post","link":"https:\/\/terresdecrivains.org\/index.php\/2022\/03\/08\/joseph-conrad-a-geneve\/","title":{"rendered":"Joseph CONRAD \u00e0 Gen\u00e8ve"},"content":{"rendered":"\n<p>L&rsquo;ancien h\u00f4tel-pension des Bains existe toujours 26 rue de la Roseraie dans le quartier de Champel \u00e0 Gen\u00e8ve et c&rsquo;est aujourd&rsquo;hui un b\u00e2timent scolaire.<br>Le romancier <a href=\"https:\/\/terresdecrivains.org\/index.php\/2003\/08\/14\/joseph-conrad-a-marseille-hyeres-montpellier\/\">Joseph Conrad<\/a> y s\u00e9journa en 1891, 1894, 1895 et 1907, en particulier dans la chambre 10 du second \u00e9tage, lorsqu&rsquo;il vint profiter des soins de l&rsquo;\u00e9tablissement hydroth\u00e9rapique de Champel qui se trouvait de l&rsquo;autre c\u00f4t\u00e9 de la rue et n&rsquo;existe plus.<br>Ici, il a entre autres travaill\u00e9 \u00e0 l&rsquo;\u00e9criture de <em>La Folie Almayer<\/em> en 1891 (de retour, d\u00e9prim\u00e9 et sujet \u00e0 des crises de malaria, d&rsquo;un s\u00e9jour de quelques semaines au Congo) et de <em>Un Paria des \u00eeles <\/em>en 1895. En 1907, il arrive ici en mai de <a href=\"https:\/\/terresdecrivains.org\/index.php\/2004\/08\/06\/ecrivains-a-montpellier\/\">Montpellier<\/a> avec ses deux gar\u00e7ons en mauvaise sant\u00e9.<\/p>\n\n\n\n<figure class=\"wp-block-image size-large\"><img loading=\"lazy\" width=\"600\" height=\"657\" src=\"https:\/\/terresdecrivains.org\/wp-content\/uploads\/2021\/09\/Conrad-Geneve-1-1.jpg\" alt=\"\" class=\"wp-image-4649\" srcset=\"https:\/\/terresdecrivains.org\/wp-content\/uploads\/2021\/09\/Conrad-Geneve-1-1.jpg 600w, https:\/\/terresdecrivains.org\/wp-content\/uploads\/2021\/09\/Conrad-Geneve-1-1-274x300.jpg 274w, https:\/\/terresdecrivains.org\/wp-content\/uploads\/2021\/09\/Conrad-Geneve-1-1-450x493.jpg 450w, https:\/\/terresdecrivains.org\/wp-content\/uploads\/2021\/09\/Conrad-Geneve-1-1-457x500.jpg 457w\" sizes=\"(max-width: 600px) 94vw, 600px\" \/><\/figure>\n\n\n\n<p>Sources :<br>&#8211; Article \u00ab\u00a0Joseph Conrad et la Suisse\u00a0\u00bb, de G. Jean-Aubry, dans le <em>Journal de Gen\u00e8ve <\/em>du <a rel=\"noreferrer noopener\" href=\"https:\/\/www.letempsarchives.ch\/page\/JDG_1932_09_26\/1\" data-type=\"URL\" data-id=\"https:\/\/www.letempsarchives.ch\/page\/JDG_1932_09_26\/1\" target=\"_blank\">26 septembre<\/a> et <a rel=\"noreferrer noopener\" href=\"https:\/\/www.letempsarchives.ch\/page\/JDG_1932_10_03\/1\" data-type=\"URL\" data-id=\"https:\/\/www.letempsarchives.ch\/page\/JDG_1932_10_03\/1\" target=\"_blank\">du 3 octobre 1932<\/a><br>&#8211; <a rel=\"noreferrer noopener\" href=\"https:\/\/www.letempsarchives.ch\/page\/JDG_1949_09_19\/4\" data-type=\"URL\" data-id=\"https:\/\/www.letempsarchives.ch\/page\/JDG_1949_09_19\/4\" target=\"_blank\"><em>Journal de Gen\u00e8ve<\/em> du 19 septembre 1949<\/a><br>&#8211; <em>Conrad, une biographie critique<\/em>, par John Batchelor<br>&#8211; <em>Les ann\u00e9es de mer de Joseph Conrad<\/em>, par Jerry Allen<\/p>\n\n\n\n<figure class=\"wp-block-image size-large\"><img loading=\"lazy\" width=\"565\" height=\"743\" src=\"https:\/\/terresdecrivains.org\/wp-content\/uploads\/2021\/09\/Conrad-Geneve-2.png\" alt=\"\" class=\"wp-image-4662\" srcset=\"https:\/\/terresdecrivains.org\/wp-content\/uploads\/2021\/09\/Conrad-Geneve-2.png 565w, https:\/\/terresdecrivains.org\/wp-content\/uploads\/2021\/09\/Conrad-Geneve-2-228x300.png 228w, https:\/\/terresdecrivains.org\/wp-content\/uploads\/2021\/09\/Conrad-Geneve-2-450x592.png 450w, https:\/\/terresdecrivains.org\/wp-content\/uploads\/2021\/09\/Conrad-Geneve-2-380x500.png 380w\" sizes=\"(max-width: 565px) 94vw, 565px\" \/><\/figure>\n","protected":false},"excerpt":{"rendered":"<p>L&rsquo;ancien h\u00f4tel-pension des Bains existe toujours 26 rue de la Roseraie dans le quartier de Champel \u00e0 Gen\u00e8ve [&hellip;]<\/p>\n","protected":false},"author":1,"featured_media":4649,"comment_status":"closed","ping_status":"","sticky":false,"template":"","format":"standard","meta":[],"categories":[2],"tags":[37],"_links":{"self":[{"href":"https:\/\/terresdecrivains.org\/index.php\/wp-json\/wp\/v2\/posts\/4644"}],"collection":[{"href":"https:\/\/terresdecrivains.org\/index.php\/wp-json\/wp\/v2\/posts"}],"about":[{"href":"https:\/\/terresdecrivains.org\/index.php\/wp-json\/wp\/v2\/types\/post"}],"author":[{"embeddable":true,"href":"https:\/\/terresdecrivains.org\/index.php\/wp-json\/wp\/v2\/users\/1"}],"replies":[{"embeddable":true,"href":"https:\/\/terresdecrivains.org\/index.php\/wp-json\/wp\/v2\/comments?post=4644"}],"version-history":[{"count":21,"href":"https:\/\/terresdecrivains.org\/index.php\/wp-json\/wp\/v2\/posts\/4644\/revisions"}],"predecessor-version":[{"id":4719,"href":"https:\/\/terresdecrivains.org\/index.php\/wp-json\/wp\/v2\/posts\/4644\/revisions\/4719"}],"wp:featuredmedia":[{"embeddable":true,"href":"https:\/\/terresdecrivains.org\/index.php\/wp-json\/wp\/v2\/media\/4649"}],"wp:attachment":[{"href":"https:\/\/terresdecrivains.org\/index.php\/wp-json\/wp\/v2\/media?parent=4644"}],"wp:term":[{"taxonomy":"category","embeddable":true,"href":"https:\/\/terresdecrivains.org\/index.php\/wp-json\/wp\/v2\/categories?post=4644"},{"taxonomy":"post_tag","embeddable":true,"href":"https:\/\/terresdecrivains.org\/index.php\/wp-json\/wp\/v2\/tags?post=4644"}],"curies":[{"name":"wp","href":"https:\/\/api.w.org\/{rel}","templated":true}]}}