{"id":567,"date":"2006-03-11T18:42:15","date_gmt":"2006-03-11T17:42:15","guid":{"rendered":"https:\/\/terresdecrivains.org\/index.php\/2006\/03\/11\/gustave-le-rouge\/"},"modified":"2025-04-21T13:29:52","modified_gmt":"2025-04-21T11:29:52","slug":"gustave-le-rouge","status":"publish","type":"post","link":"https:\/\/terresdecrivains.org\/index.php\/2006\/03\/11\/gustave-le-rouge\/","title":{"rendered":"Gustave LE ROUGE \u00e0 Valognes, Cherbourg, Caen, Paris"},"content":{"rendered":"<figure id=\"attachment_1925\" aria-describedby=\"caption-attachment-1925\" style=\"width: 330px\" class=\"wp-caption aligncenter\"><img loading=\"lazy\" class=\" aligncenter size-full wp-image-1925\" src=\"https:\/\/terresdecrivains.org\/wp-content\/uploads\/2006\/03\/jpg_lerouge2.jpg\" alt=\"46 rue Lacroix \u00e0 Paris.\" title=\"46 rue Lacroix \u00e0 Paris.\" align=\"middle\" width=\"330\" height=\"440\" srcset=\"https:\/\/terresdecrivains.org\/wp-content\/uploads\/2006\/03\/jpg_lerouge2.jpg 330w, https:\/\/terresdecrivains.org\/wp-content\/uploads\/2006\/03\/jpg_lerouge2-225x300.jpg 225w\" sizes=\"(max-width: 330px) 94vw, 330px\" \/><figcaption id=\"caption-attachment-1925\" class=\"wp-caption-text\">46 rue Lacroix \u00e0 Paris.<\/figcaption><\/figure>\n<p>Gustave Le Rouge voit le jour \u00e0 Valognes en 1867, au 7 de la rue de Poterie. Son p\u00e8re est entrepreneur dans le b\u00e2timent. Apr\u00e8s avoir fr\u00e9quent\u00e9 l&rsquo;\u00e9cole et le coll\u00e8ge de la ville, Gustave poursuit ses \u00e9tudes \u00e0 Cherbourg entre 1881 et 1886. Il veut entrer \u00e0 l&rsquo;Ecole navale mais son faible niveau en math\u00e9matiques l&rsquo;oriente plut\u00f4t vers des \u00e9tudes de Lettres. Il \u00e9tudie le droit \u00e0 Caen de 1886 \u00e0 1889 et s&rsquo;essaie en parall\u00e8le \u00e0 la litt\u00e9rature.<br \/>\nLe voici, rue Saint-Sulpice, venu poursuivre ses \u00e9tudes \u00e0 Paris. Il fait connaissance avec Verlaine &#8211; qu&rsquo;il c\u00f4toie jusqu&rsquo;\u00e0 sa mort &#8211; et le po\u00e8te et dessinateur Cazals. Il publie des r\u00e9cits et des po\u00e8mes dans des revues confidentielles, et fait cent m\u00e9tiers.<br \/>\n1899 est l&rsquo;ann\u00e9e de la publication de ses premiers ouvrages, en particulier de <em>La Conspiration des milliardaires<\/em>, avec Gustave Guitton. Les deux auteurs sont compl\u00e9mentaires et oeuvrent ensemble jusqu&rsquo;en 1903 dans des collections \u00e0 20 centimes le volume (alors que le prix d&rsquo;un \u00ab\u00a0vrai\u00a0\u00bb livre est alors 3,50 francs). \u00c0 Guitton le comique des situations et les \u00e9pisodes m\u00e9lodramatiques. \u00c0 Le Rouge les inventions et personnages scientifiques et les ph\u00e9nom\u00e8nes occultes. Leur <em>Princesse des airs<\/em> (1902) se lit avec un int\u00e9r\u00eat autrement plus soutenu que <em>Les Enfants du capitaine Grant<\/em>, b\u00e2ti pourtant sur une m\u00eame trame ! Il est amusant de constater que le r\u00f4le du m\u00e9chant y est tenu par un \u00ab\u00a0yankee\u00a0\u00bb, signe de l&rsquo;antiam\u00e9ricanisme dont Le Rouge pars\u00e8me ses livres.<br \/>\nApr\u00e8s son mariage en 1902, l&rsquo;\u00e9crivain s&rsquo;installe 1 bis rue Lacaille puis 17 rue des Apennins. Il publie bient\u00f4t sous son seul nom. <em>Le Myst\u00e9rieux Docteur Corn\u00e9lius<\/em>, son roman feuilleton le plus connu, qui impressionnera les surr\u00e9alistes et bien d&rsquo;autres, para\u00eet \u00e0 partir de 1911. Corn\u00e9lius est (dans la fiction, ouf !) l&rsquo;inventeur de la carnoplastie, technique qui permet \u00e0 une personne de prendre le visage d&rsquo;une autre.<br \/>\n\u00c0 l&rsquo;instar de nombreux auteurs de feuilletons &#8211; comme pour ne pas trop lasser ses lecteurs -, Le Rouge poss\u00e8de plusieurs cordes \u00e0 son arc. Il signe un roman d&rsquo;espionnage comme un r\u00e9cit fantastique ou de science-fiction, une com\u00e9die comme un roman d&rsquo;aventures &#8211; sentimentales ou pas -, une pi\u00e8ce de th\u00e9\u00e2tre comme un roman de cape et d&rsquo;\u00e9p\u00e9e. On lui doit entre 70 et 80 titres, dont plusieurs comptent plus d&rsquo;un volume.<br \/>\nIl est correspondant de guerre pendant la Premi\u00e8re Guerre mondiale et devient chef du service du reportage en banlieue du <em>Petit Parisien<\/em> \u00e0 la fin des hostilit\u00e9s. Il en est renvoy\u00e9 pour avoir invent\u00e9 un fait divers.<br \/>\nIl rencontre \u00e0 cette \u00e9poque Blaise Cendrars dans les locaux d&rsquo;un journal.<br \/>\nIl habite dans les ann\u00e9es 1920 le 5e \u00e9tage du 46 rue Lacroix.<br \/>\nIl meurt \u00e0 l&rsquo;h\u00f4pital Lariboisi\u00e8re, d&rsquo;un cancer de la prostate, le 24 f\u00e9vrier 1938.<\/p>\n","protected":false},"excerpt":{"rendered":"<p>Gustave Le Rouge voit le jour \u00e0 Valognes en 1867, au 7 de la rue de Poterie. Son [&hellip;]<\/p>\n","protected":false},"author":1,"featured_media":1925,"comment_status":"closed","ping_status":"open","sticky":false,"template":"","format":"standard","meta":[],"categories":[2],"tags":[26],"_links":{"self":[{"href":"https:\/\/terresdecrivains.org\/index.php\/wp-json\/wp\/v2\/posts\/567"}],"collection":[{"href":"https:\/\/terresdecrivains.org\/index.php\/wp-json\/wp\/v2\/posts"}],"about":[{"href":"https:\/\/terresdecrivains.org\/index.php\/wp-json\/wp\/v2\/types\/post"}],"author":[{"embeddable":true,"href":"https:\/\/terresdecrivains.org\/index.php\/wp-json\/wp\/v2\/users\/1"}],"replies":[{"embeddable":true,"href":"https:\/\/terresdecrivains.org\/index.php\/wp-json\/wp\/v2\/comments?post=567"}],"version-history":[{"count":2,"href":"https:\/\/terresdecrivains.org\/index.php\/wp-json\/wp\/v2\/posts\/567\/revisions"}],"predecessor-version":[{"id":6036,"href":"https:\/\/terresdecrivains.org\/index.php\/wp-json\/wp\/v2\/posts\/567\/revisions\/6036"}],"wp:featuredmedia":[{"embeddable":true,"href":"https:\/\/terresdecrivains.org\/index.php\/wp-json\/wp\/v2\/media\/1925"}],"wp:attachment":[{"href":"https:\/\/terresdecrivains.org\/index.php\/wp-json\/wp\/v2\/media?parent=567"}],"wp:term":[{"taxonomy":"category","embeddable":true,"href":"https:\/\/terresdecrivains.org\/index.php\/wp-json\/wp\/v2\/categories?post=567"},{"taxonomy":"post_tag","embeddable":true,"href":"https:\/\/terresdecrivains.org\/index.php\/wp-json\/wp\/v2\/tags?post=567"}],"curies":[{"name":"wp","href":"https:\/\/api.w.org\/{rel}","templated":true}]}}