{"id":715,"date":"2008-04-22T16:10:51","date_gmt":"2008-04-22T14:10:51","guid":{"rendered":"https:\/\/terresdecrivains.org\/index.php\/2008\/04\/22\/eugene-francois-vidocq-a-arras-lille-rouen-paris-versailles\/"},"modified":"2025-05-26T17:52:19","modified_gmt":"2025-05-26T15:52:19","slug":"eugene-francois-vidocq-a-arras-lille-rouen-paris-versailles","status":"publish","type":"post","link":"https:\/\/terresdecrivains.org\/index.php\/2008\/04\/22\/eugene-francois-vidocq-a-arras-lille-rouen-paris-versailles\/","title":{"rendered":"Eug\u00e8ne-Fran\u00e7ois VIDOCQ \u00e0 Arras, Lille, Rouen, Paris, Versailles"},"content":{"rendered":"<p>Eug\u00e8ne-Fran\u00e7ois, un \u00e9crivain ? Un peu, si l&rsquo;on consid\u00e8re qu&rsquo;il a collabor\u00e9 aux <em>M\u00e9moires<\/em> qu&rsquo;il a sign\u00e9es de son nom mais qu&rsquo;il n&rsquo;a pas r\u00e9dig\u00e9es enti\u00e8rement lui-m\u00eame. Il est en r\u00e9alit\u00e9 surtout entr\u00e9 en litt\u00e9rature comme personnage romanesque. Ses <em>M\u00e9moires<\/em> publi\u00e9es en 1828 &#8211; quatre ans apr\u00e8s celles de Fouch\u00e9 &#8211; r\u00e9v\u00e8lent au public la face cach\u00e9e du m\u00e9tier de policier.<\/p>\n<figure id=\"attachment_1266\" aria-describedby=\"caption-attachment-1266\" style=\"width: 260px\" class=\"wp-caption alignright\"><img loading=\"lazy\" class=\" alignright size-full wp-image-1266\" title=\"13 galerie Vivienne\" src=\"https:\/\/terresdecrivains.org\/wp-content\/uploads\/2003\/08\/jpg_vidocq.jpg\" alt=\"13 galerie Vivienne\" width=\"260\" height=\"210\" align=\"right\" \/><figcaption id=\"caption-attachment-1266\" class=\"wp-caption-text\">13 galerie Vivienne<\/figcaption><\/figure>\n<p>Pour Dominique Kalifa (voir l&rsquo;article <em>Enqu\u00eate judiciaire, litt\u00e9rature et imaginaire social au XIXe si\u00e8cle<\/em> dans l&rsquo;ouvrage <em>L\u2019Enqu\u00eate judiciaire en Europe au XIXe si\u00e8cle<\/em>, \u00e9ditions Creaphis), le tournant de l&rsquo;\u00e9volution de l&rsquo;image du policier dans la soci\u00e9t\u00e9 fran\u00e7aise se situe dans les ann\u00e9es 1820. L&rsquo;ouvrage de Vidocq fait entrer le personnage de l&rsquo;enqu\u00eateur dans la liste des h\u00e9ros romanesques, alors que l&rsquo;aventurier occupait jusqu&rsquo;alors le devant de la sc\u00e8ne. Mais ces <em>M\u00e9moires<\/em> ne rendent pas enti\u00e8rement service \u00e0 l&rsquo;image du policier aupr\u00e8s du grand public, car elles l&rsquo;associent en partie \u00e0 celle du for\u00e7at &#8211; m\u00eame repenti &#8211; et confondent un peu leurs m\u00e9thodes. Bandit ou d\u00e9fenseur de l&rsquo;ordre, Vidocq mise en effet toujours sur l&rsquo;espionnage et sur la d\u00e9lation.<\/p>\n<p>Le roman policier, qui na\u00eet peu de temps apr\u00e8s et b\u00e9n\u00e9ficie de l&rsquo;audience des romans feuilletons, se fixe d\u00e8s lors comme t\u00e2che de redresser cette image dans l&rsquo;esprit des lecteurs, entre autres par l&rsquo;interm\u00e9diaire de Gaboriau : \u00ab\u00a0[les m\u00e9tamorphoses de l&rsquo;inspecteur Lecocq sous diff\u00e9rents d\u00e9guisements entrent] <em>dans une s\u00e9rie d\u2019arguments qui prolongent avant tout l\u2019apologie sociale et morale de la police,<\/em> explique Ulrich Schulz-Buschhaus (dans son article <em>Roman policier et roman social chez \u00c9mile Gaboriau<\/em>). <em>Dans cette apologie, l\u2019important c\u2019est \u00e9videmment de lib\u00e9rer les inspecteurs de l\u2019h\u00e9ritage douteux d\u2019un Vidocq ou d\u2019un Vautrin en leur rendant un statut professionnel comparable aux autres. C\u2019est ce qui constitue la finalit\u00e9 de la grande tirade de Lecoq sur l\u2019honorabilit\u00e9 des policiers, tirade qui se pr\u00e9sente au chapitre 24 comme la contestation d\u2019un \u00ab\u00a0pr\u00e9jug\u00e9 \u00e9tabli depuis des si\u00e8cles\u00a0\u00bb (p. 358 du<\/em><em> Crime d&rsquo;Orcival de Gaboriau)<\/em>. <em>Et c\u2019est pour cela que Gaboriau insiste, avec une emphase souvent r\u00e9it\u00e9r\u00e9e, sur l\u2019\u00e9minente scientificit\u00e9 de la profession polici\u00e8re\u00a0\u00bb<\/em>.<\/p>\n<p>Vidocq a inspir\u00e9 Balzac pour son Vautrin, Edgar Poe par ricochet, et encore Wilkie Collins par ricochet \u00e9galement.<\/p>\n<p>Dans <em>Double assassinat dans la rue Morgue<\/em>, Poe veut montrer comme Gaboriau que les m\u00e9thodes de son d\u00e9tective se distinguent de celles de Vidocq et de ses acolytes. Il fait dire au chevalier Dupin dans <em>Double Assassinat dans la rue Morgue<\/em> : <em>\u00ab\u00a0La police parisienne, si vant\u00e9e pour sa p\u00e9n\u00e9tration, est tr\u00e8s rus\u00e9e, rien de plus. Elle proc\u00e8de sans m\u00e9thode, elle n\u2019a pas d\u2019autre m\u00e9thode que celle du moment. On fait ici un grand \u00e9talage de mesures, mais il arrive souvent qu\u2019elles sont si intempestives et si mal appropri\u00e9es au but, qu\u2019elles font penser \u00e0 M. Jourdain, qui demandait sa robe de chambre \u2013 pour mieux entendre la musique. Les r\u00e9sultats obtenus sont quelquefois surprenants, mais ils sont, pour la plus grande partie, simplement dus \u00e0 la diligence et \u00e0 l\u2019activit\u00e9. Dans le cas o\u00f9 ces facult\u00e9s sont insuffisantes, les plans ratent. Vidocq, par exemple, \u00e9tait bon pour deviner ; c\u2019\u00e9tait un homme de patience mais sa pens\u00e9e n\u2019\u00e9tant pas suffisamment \u00e9duqu\u00e9e, il faisait continuellement fausse route, par l\u2019ardeur m\u00eame de ses investigations. Il diminuait la force de sa vision en regardant l\u2019objet de trop pr\u00e8s\u00a0\u00bb<\/em>.<\/p>\n<hr \/>\n<p>Voici les principales adresses de Vidocq, tir\u00e9es de <a href=\"http:\/\/fvidocq.free.fr\/LeSaviezVous.html\">http:\/\/fvidocq.free.fr\/LeSaviezVous.html<\/a> (le site http:\/\/fvidocq.free.fr vous en apprendra beaucoup sur la vie du for\u00e7at-inspecteur. A lire en particulier : sur http:\/\/fvidocq.free.fr\/biblio_2.html, la litt\u00e9rature inspir\u00e9e par Vidocq) :<\/p>\n<p>&#8211; Il na\u00eet \u00e0 Arras, 222 rue du Miroir-de-Venise (aujourd&rsquo;hui rue des Trois-Visages) en 1775, dans la boulangerie familiale (une boulangerie existe encore aujourd&rsquo;hui \u00e0 cet emplacement). La famille vivra aussi rue M\u00e9aulens en 1794,<br \/>&#8211; \u00e0 Paris : rue de l&rsquo;Echelle, h\u00f4tel du Gaillardbois en 1795,<br \/>&#8211; \u00e0 Lille, 31 rue de la Picquerie en 1796,<br \/>&#8211; \u00e0 Rouen, 140 rue Martinville en 1803,<br \/>&#8211; \u00e0 Paris, 14 rue de la Monnaie en 1805,<br \/>&#8211; \u00e0 Versailles, 36 rue de la Pompe en 1805,<br \/>&#8211; \u00e0 Paris, rue du Faubourg Saint-Denis en 1805,<br \/>&#8211; Cour Saint-Martin en 1807,<br \/>&#8211; 14 rue Neuve Saint-Fran\u00e7ois,<br \/>&#8211; 22 rue de l&rsquo;Orme Saint-Gervais en 1813,<br \/>&#8211; 22 rue Martrois en 1814,<br \/>&#8211; 8 rue Saint-Denis en 1816,<br \/>&#8211; 6 rue Saint-Anne (Bureau de la Police de S\u00fbret\u00e9) en 1811-1827 au bout de la cour de la Sainte-chapelle,<br \/>&#8211; 22 rue de l&rsquo;Hirondelle en 1817-1827,<br \/>&#8211; 46 rue de Lagny \u00e0 Saint-Mand\u00e9 en 1826-1848 (sa maison de campagne),<br \/>&#8211; rue Pav\u00e9e (son bureau de Police) en 1831-1832,<br \/>&#8211; 12 rue Cloche-Perche en 1833,<br \/>&#8211; 20 rue du Pont Louis-Philippe en 1835,<br \/>&#8211; 12 place Dauphine en 1837,<br \/>&#8211; 39 rue Neuve Saint-Eustache en 1837,<br \/>&#8211; 13 galerie Vivienne en 1840,<br \/>&#8211; 31 rue de Turenne (rue St Louis au Marais) en 1849,<br \/>&#8211; 76, Boulevard Beaumarchais en 1850,<br \/>&#8211; 2, Rue Saint-Pierre Popincourt (actuellement 82, Rue Amelot) en 1854-1857.<\/p>\n\n\n<div class=\"wp-block-image\"><figure class=\"aligncenter size-large\"><img loading=\"lazy\" width=\"730\" height=\"555\" src=\"https:\/\/terresdecrivains.org\/wp-content\/uploads\/2023\/11\/vidocq-arras3-700.png\" alt=\"\" class=\"wp-image-5566\" srcset=\"https:\/\/terresdecrivains.org\/wp-content\/uploads\/2023\/11\/vidocq-arras3-700.png 730w, https:\/\/terresdecrivains.org\/wp-content\/uploads\/2023\/11\/vidocq-arras3-700-300x228.png 300w, https:\/\/terresdecrivains.org\/wp-content\/uploads\/2023\/11\/vidocq-arras3-700-450x342.png 450w, https:\/\/terresdecrivains.org\/wp-content\/uploads\/2023\/11\/vidocq-arras3-700-658x500.png 658w\" sizes=\"(max-width: 730px) 94vw, 730px\" \/><figcaption>Le 222 rue du Miroir-de-Venise (aujourd&rsquo;hui rue des Trois-Visages) \u00e0 Arras.<\/figcaption><\/figure><\/div>\n","protected":false},"excerpt":{"rendered":"<p>Eug\u00e8ne-Fran\u00e7ois, un \u00e9crivain ? Un peu, si l&rsquo;on consid\u00e8re qu&rsquo;il a collabor\u00e9 aux M\u00e9moires qu&rsquo;il a sign\u00e9es de [&hellip;]<\/p>\n","protected":false},"author":1,"featured_media":1266,"comment_status":"closed","ping_status":"open","sticky":false,"template":"","format":"standard","meta":[],"categories":[2],"tags":[27,39],"_links":{"self":[{"href":"https:\/\/terresdecrivains.org\/index.php\/wp-json\/wp\/v2\/posts\/715"}],"collection":[{"href":"https:\/\/terresdecrivains.org\/index.php\/wp-json\/wp\/v2\/posts"}],"about":[{"href":"https:\/\/terresdecrivains.org\/index.php\/wp-json\/wp\/v2\/types\/post"}],"author":[{"embeddable":true,"href":"https:\/\/terresdecrivains.org\/index.php\/wp-json\/wp\/v2\/users\/1"}],"replies":[{"embeddable":true,"href":"https:\/\/terresdecrivains.org\/index.php\/wp-json\/wp\/v2\/comments?post=715"}],"version-history":[{"count":3,"href":"https:\/\/terresdecrivains.org\/index.php\/wp-json\/wp\/v2\/posts\/715\/revisions"}],"predecessor-version":[{"id":5569,"href":"https:\/\/terresdecrivains.org\/index.php\/wp-json\/wp\/v2\/posts\/715\/revisions\/5569"}],"wp:featuredmedia":[{"embeddable":true,"href":"https:\/\/terresdecrivains.org\/index.php\/wp-json\/wp\/v2\/media\/1266"}],"wp:attachment":[{"href":"https:\/\/terresdecrivains.org\/index.php\/wp-json\/wp\/v2\/media?parent=715"}],"wp:term":[{"taxonomy":"category","embeddable":true,"href":"https:\/\/terresdecrivains.org\/index.php\/wp-json\/wp\/v2\/categories?post=715"},{"taxonomy":"post_tag","embeddable":true,"href":"https:\/\/terresdecrivains.org\/index.php\/wp-json\/wp\/v2\/tags?post=715"}],"curies":[{"name":"wp","href":"https:\/\/api.w.org\/{rel}","templated":true}]}}