{"id":731,"date":"2008-01-22T16:10:00","date_gmt":"2008-01-22T15:10:00","guid":{"rendered":"https:\/\/terresdecrivains.org\/index.php\/2008\/01\/22\/joachim-du-bellay-a-la-turmeliere-a-paris-et-a-lire\/"},"modified":"2025-05-26T17:52:20","modified_gmt":"2025-05-26T15:52:20","slug":"joachim-du-bellay-a-la-turmeliere-a-paris-et-a-lire","status":"publish","type":"post","link":"https:\/\/terresdecrivains.org\/index.php\/2008\/01\/22\/joachim-du-bellay-a-la-turmeliere-a-paris-et-a-lire\/","title":{"rendered":"Joachim du BELLAY \u00e0 La Turmeli\u00e8re, \u00e0 Paris et \u00e0 Lir\u00e9"},"content":{"rendered":"<p class=\"post_excerpt\"><em>\u00ab\u00a0S&#8217;il est un po\u00e8te maudit, c&#8217;est bien Joachim Du Bellay ! \u00c9ternel second de la Fortune, aujourd&#8217;hui encore la gloire de son ami et rival Ronsard \u00e9clipse la sienne\u00a0\u00bb<\/em>, \u00e9crit Evelyne Bloch-Dano en septembre 2007 dans le <em>Magazine litt\u00e9raire<\/em> n\u00b0 467. <\/p>\n<p>\u00c0 quelques kilom\u00e8tres de Lir\u00e9, les murs du ch\u00e2teau de La Turmeli\u00e8re disparaissent peu \u00e0 peu dans la v\u00e9g\u00e9tation.<\/p>\n<p><!--more--><br \/>\n<img loading=\"lazy\" class=\" aligncenter size-full wp-image-2126\" src=\"https:\/\/terresdecrivains.org\/wp-content\/uploads\/2008\/01\/jpg_DuBellay6def.jpg\" alt=\"DuBellay6def.jpg\" align=\"center\" width=\"605\" height=\"235\" srcset=\"https:\/\/terresdecrivains.org\/wp-content\/uploads\/2008\/01\/jpg_DuBellay6def.jpg 605w, https:\/\/terresdecrivains.org\/wp-content\/uploads\/2008\/01\/jpg_DuBellay6def-300x117.jpg 300w\" sizes=\"(max-width: 605px) 94vw, 605px\" \/><\/p>\n<p>C&rsquo;est dans le ch\u00e2teau de La Turmeli\u00e8re que na\u00eet le po\u00e8te en 1522.<\/p>\n<figure id=\"attachment_2127\" aria-describedby=\"caption-attachment-2127\" style=\"width: 500px\" class=\"wp-caption aligncenter\"><img loading=\"lazy\" class=\" aligncenter size-full wp-image-2127\" src=\"https:\/\/terresdecrivains.org\/wp-content\/uploads\/2008\/01\/jpg_DuBellay4def.jpg\" alt=\"La Turmeli\u00e8re\" title=\"La Turmeli\u00e8re\" class=\"caption\" align=\"center\" width=\"500\" height=\"350\" srcset=\"https:\/\/terresdecrivains.org\/wp-content\/uploads\/2008\/01\/jpg_DuBellay4def.jpg 500w, https:\/\/terresdecrivains.org\/wp-content\/uploads\/2008\/01\/jpg_DuBellay4def-300x210.jpg 300w\" sizes=\"(max-width: 500px) 94vw, 500px\" \/><figcaption id=\"caption-attachment-2127\" class=\"wp-caption-text\">La Turmeli\u00e8re<\/figcaption><\/figure>\n<p>Le ch\u00e2teau br\u00fble durant les guerres de Vend\u00e9e. Ses fondations remontent au XIIIe si\u00e8cle et un a\u00efeul de la m\u00e8re de Joachim le restaure deux si\u00e8cles plus tard. C&rsquo;est le refuge des seigneurs de Lir\u00e9 en cas de guerre. Le ch\u00e2teau domine une petite vall\u00e9e, et son emplacement est strat\u00e9gique. Le grand-p\u00e8re maternel de Joachim s&rsquo;y installe en 1472. <\/p>\n<p><img loading=\"lazy\" class=\" aligncenter size-full wp-image-2128\" src=\"https:\/\/terresdecrivains.org\/wp-content\/uploads\/2008\/01\/jpg_DuBellay5def.jpg\" alt=\"DuBellay5def.jpg\" align=\"center\" width=\"500\" height=\"330\" srcset=\"https:\/\/terresdecrivains.org\/wp-content\/uploads\/2008\/01\/jpg_DuBellay5def.jpg 500w, https:\/\/terresdecrivains.org\/wp-content\/uploads\/2008\/01\/jpg_DuBellay5def-300x198.jpg 300w\" sizes=\"(max-width: 500px) 94vw, 500px\" \/><\/p>\n<p>Avant qu&rsquo;il n&rsquo;ait atteint ses dix ans, il perd ses parents. Son enfance dans le ch\u00e2teau est triste, sous la tutelle de son fr\u00e8re a\u00een\u00e9. <\/p>\n<p>Joachim se rend r\u00e9guli\u00e8rement au ch\u00e2teau de Gizeux, au nord de Bourgueil, qui appartient aussi aux du Bellay.<\/p>\n<p>Vers 1547, il rencontre Pierre de Ronsard, jeune po\u00e8te lui aussi, que rapproche de Joachim des parents et des amis communs. Ronsard veut devenir un grand po\u00e8te. Il entre au coll\u00e8ge de Coqueret, \u00e0 Paris, pour \u00e9tudier les auteurs anciens, et convainc du Bellay de l&rsquo;accompagner.<\/p>\n<figure id=\"attachment_2129\" aria-describedby=\"caption-attachment-2129\" style=\"width: 360px\" class=\"wp-caption aligncenter\"><img loading=\"lazy\" class=\" aligncenter size-full wp-image-2129\" src=\"https:\/\/terresdecrivains.org\/wp-content\/uploads\/2008\/01\/jpg_pleiadechartieredef.jpg\" alt=\"11 impasse Charti\u00e8re \u00e0 Paris\" title=\"11 impasse Charti\u00e8re \u00e0 Paris\" class=\"caption\" align=\"center\" width=\"360\" height=\"460\" srcset=\"https:\/\/terresdecrivains.org\/wp-content\/uploads\/2008\/01\/jpg_pleiadechartieredef.jpg 360w, https:\/\/terresdecrivains.org\/wp-content\/uploads\/2008\/01\/jpg_pleiadechartieredef-235x300.jpg 235w\" sizes=\"(max-width: 360px) 94vw, 360px\" \/><figcaption id=\"caption-attachment-2129\" class=\"wp-caption-text\">11 impasse Charti\u00e8re \u00e0 Paris<\/figcaption><\/figure>\n<p>L\u00e0, ils suivent les cours de Jean Dorat qui leur fait d\u00e9couvrir les auteurs de l&rsquo;Antiquit\u00e9 et la po\u00e9sie italienne. Les deux jeunes po\u00e8tes en rassemblent d&rsquo;autres autour d&rsquo;eux, qu&rsquo;ils nomment en 1549 la Brigade, puis la Pl\u00e9iade en 1553. L&rsquo;objectif du groupe n&rsquo;est rien moins que de d\u00e9finir de nouvelles r\u00e8gles po\u00e9tiques. Si sa composition varie en fonction des ann\u00e9es, ils sont toujours sept, comme les sept po\u00e8tes grecs d&rsquo;Alexandrie qui s&rsquo;\u00e9taient surnomm\u00e9s la Pl\u00e9iade. Outre Ronsard et du Bellay, citons \u00c9tienne Jodelle, R\u00e9mi Belleau, Ba\u00eff, Pontus de Thiard, Pelletier du Mans[[Dans le roman de Michel Z\u00e9vaco, Les Pardaillan &#8211; Livre I, chapitre XVI \u00ab\u00a0Une c\u00e9r\u00e9monie pa\u00efenne\u00a0\u00bb -, on assiste \u00e0 une rencontre du groupe, apr\u00e8s la mort de du Bellay. Voir le texte en ligne sur <a href=\"http:\/\/fr.wikisource.org\/wiki\/Les_Pardaillan_-_XVI\">http:\/\/fr.wikisource.org\/wiki\/Les_Pardaillan_-_XVI<\/a>.]].<\/p>\n<figure id=\"attachment_2130\" aria-describedby=\"caption-attachment-2130\" style=\"width: 340px\" class=\"wp-caption aligncenter\"><img loading=\"lazy\" class=\" aligncenter size-full wp-image-2130\" src=\"https:\/\/terresdecrivains.org\/wp-content\/uploads\/2008\/01\/jpg_pleiadechartiere2def.jpg\" alt=\"A gauche, le 11 impasse Charti\u00e8re (en 2006).\" title=\"A gauche, le 11 impasse Charti\u00e8re (en 2006).\" class=\"caption\" align=\"center\" width=\"340\" height=\"500\" srcset=\"https:\/\/terresdecrivains.org\/wp-content\/uploads\/2008\/01\/jpg_pleiadechartiere2def.jpg 340w, https:\/\/terresdecrivains.org\/wp-content\/uploads\/2008\/01\/jpg_pleiadechartiere2def-204x300.jpg 204w\" sizes=\"(max-width: 340px) 94vw, 340px\" \/><figcaption id=\"caption-attachment-2130\" class=\"wp-caption-text\">A gauche, le 11 impasse Charti\u00e8re (en 2006).<\/figcaption><\/figure>\n<p>Le groupe publie un manifeste que du Bellay est charg\u00e9 de concevoir : c&rsquo;est <em>D\u00e9fense et illustration de la langue fran\u00e7aise<\/em>.<\/p>\n<p>Malgr\u00e9 une mauvaise sant\u00e9, il est entre 1553 et 1557 secr\u00e9taire \u00e0 Rome du cardinal Jean du Bellay, un cousin de son p\u00e8re. Il a r\u00eav\u00e9 de la Rome antique et d\u00e9couvre la Rome de 1553 qui a perdu ses fastes antiques, et il se met \u00e0 regretter son Lir\u00e9 natal.<\/p>\n<p>Il d\u00e9c\u00e8de brutalement en 1560.<\/p>\n<p>A Lir\u00e9, le Mus\u00e9e Joachim Du Bellay[[18 le Grand Logis, 49530 Lir\u00e9, t\u00e9l. 02 40 09 04 13, <a href=\"http:\/\/museedubellay.over-blog.com\/\">http:\/\/museedubellay.over-blog.com\/<\/a>.]] garde la trace du po\u00e8te.<\/p>\n<p><img loading=\"lazy\" class=\" aligncenter size-full wp-image-2131\" src=\"https:\/\/terresdecrivains.org\/wp-content\/uploads\/2008\/01\/jpg_DuBellay1def.jpg\" alt=\"DuBellay1def.jpg\" align=\"center\" width=\"480\" height=\"330\" srcset=\"https:\/\/terresdecrivains.org\/wp-content\/uploads\/2008\/01\/jpg_DuBellay1def.jpg 480w, https:\/\/terresdecrivains.org\/wp-content\/uploads\/2008\/01\/jpg_DuBellay1def-300x206.jpg 300w\" sizes=\"(max-width: 480px) 94vw, 480px\" \/><\/p>\n<p>La maison qui l&rsquo;abrite a appartenu aux du Bellay et pr\u00e9sente cinq salles d\u00e9di\u00e9es \u00e0 l&#8217;&#339;uvre de Joachim, \u00e0 la po\u00e9sie et \u00e0 la Renaissance. Un jardin Renaissance lui fait face, et une salle p\u00e9dagogique peut accueillir des groupes scolaires.<\/p>\n<p><img loading=\"lazy\" class=\" aligncenter size-full wp-image-2132\" src=\"https:\/\/terresdecrivains.org\/wp-content\/uploads\/2008\/01\/jpg_DuBellay2def.jpg\" alt=\"DuBellay2def.jpg\" align=\"center\" width=\"350\" height=\"500\" srcset=\"https:\/\/terresdecrivains.org\/wp-content\/uploads\/2008\/01\/jpg_DuBellay2def.jpg 350w, https:\/\/terresdecrivains.org\/wp-content\/uploads\/2008\/01\/jpg_DuBellay2def-210x300.jpg 210w\" sizes=\"(max-width: 350px) 94vw, 350px\" \/><\/p>\n<p><img loading=\"lazy\" class=\" aligncenter size-full wp-image-2133\" src=\"https:\/\/terresdecrivains.org\/wp-content\/uploads\/2008\/01\/jpg_DuBellay3def.jpg\" alt=\"DuBellay3def.jpg\" align=\"center\" width=\"350\" height=\"600\" srcset=\"https:\/\/terresdecrivains.org\/wp-content\/uploads\/2008\/01\/jpg_DuBellay3def.jpg 350w, https:\/\/terresdecrivains.org\/wp-content\/uploads\/2008\/01\/jpg_DuBellay3def-175x300.jpg 175w\" sizes=\"(max-width: 350px) 94vw, 350px\" \/><\/p>\n","protected":false},"excerpt":{"rendered":"<p>\u00ab\u00a0S&#8217;il est un po\u00e8te maudit, c&#8217;est bien Joachim Du Bellay ! \u00c9ternel second de la Fortune, aujourd&#8217;hui encore [&hellip;]<\/p>\n","protected":false},"author":1,"featured_media":2126,"comment_status":"closed","ping_status":"open","sticky":false,"template":"","format":"standard","meta":[],"categories":[2],"tags":[25],"_links":{"self":[{"href":"https:\/\/terresdecrivains.org\/index.php\/wp-json\/wp\/v2\/posts\/731"}],"collection":[{"href":"https:\/\/terresdecrivains.org\/index.php\/wp-json\/wp\/v2\/posts"}],"about":[{"href":"https:\/\/terresdecrivains.org\/index.php\/wp-json\/wp\/v2\/types\/post"}],"author":[{"embeddable":true,"href":"https:\/\/terresdecrivains.org\/index.php\/wp-json\/wp\/v2\/users\/1"}],"replies":[{"embeddable":true,"href":"https:\/\/terresdecrivains.org\/index.php\/wp-json\/wp\/v2\/comments?post=731"}],"version-history":[{"count":1,"href":"https:\/\/terresdecrivains.org\/index.php\/wp-json\/wp\/v2\/posts\/731\/revisions"}],"predecessor-version":[{"id":6713,"href":"https:\/\/terresdecrivains.org\/index.php\/wp-json\/wp\/v2\/posts\/731\/revisions\/6713"}],"wp:featuredmedia":[{"embeddable":true,"href":"https:\/\/terresdecrivains.org\/index.php\/wp-json\/wp\/v2\/media\/2126"}],"wp:attachment":[{"href":"https:\/\/terresdecrivains.org\/index.php\/wp-json\/wp\/v2\/media?parent=731"}],"wp:term":[{"taxonomy":"category","embeddable":true,"href":"https:\/\/terresdecrivains.org\/index.php\/wp-json\/wp\/v2\/categories?post=731"},{"taxonomy":"post_tag","embeddable":true,"href":"https:\/\/terresdecrivains.org\/index.php\/wp-json\/wp\/v2\/tags?post=731"}],"curies":[{"name":"wp","href":"https:\/\/api.w.org\/{rel}","templated":true}]}}