{"id":761,"date":"2007-12-24T22:09:46","date_gmt":"2007-12-24T21:09:46","guid":{"rendered":"https:\/\/terresdecrivains.org\/index.php\/2007\/12\/24\/dans-la-lande-du-cotentin-avec-barbey-daurevilly\/"},"modified":"2021-06-25T20:29:25","modified_gmt":"2021-06-25T18:29:25","slug":"dans-la-lande-du-cotentin-avec-barbey-daurevilly","status":"publish","type":"post","link":"https:\/\/terresdecrivains.org\/index.php\/2007\/12\/24\/dans-la-lande-du-cotentin-avec-barbey-daurevilly\/","title":{"rendered":"Dans la lande du Cotentin avec Barbey d&rsquo;AUREVILLY"},"content":{"rendered":"<p>Voir aussi <a href=\"https:\/\/terresdecrivains.org\/index.php\/2003\/08\/13\/jules-barbey-daurevilly-a-saint-sauveur-le-vicomte-et-paris\/\">13<\/a>.<\/p>\n<figure id=\"attachment_2197\" aria-describedby=\"caption-attachment-2197\" style=\"width: 440px\" class=\"wp-caption aligncenter\"><img loading=\"lazy\" class=\" aligncenter size-full wp-image-2197\" src=\"https:\/\/terresdecrivains.org\/wp-content\/uploads\/2007\/12\/jpg_barbeyblanchelande2def.jpg\" alt=\"L'abbaye de Blanchelande\" title=\"L'abbaye de Blanchelande\" class=\"caption\" align=\"center\" width=\"440\" height=\"330\" srcset=\"https:\/\/terresdecrivains.org\/wp-content\/uploads\/2007\/12\/jpg_barbeyblanchelande2def.jpg 440w, https:\/\/terresdecrivains.org\/wp-content\/uploads\/2007\/12\/jpg_barbeyblanchelande2def-300x225.jpg 300w\" sizes=\"(max-width: 440px) 94vw, 440px\" \/><figcaption id=\"caption-attachment-2197\" class=\"wp-caption-text\">L&rsquo;abbaye de Blanchelande<\/figcaption><\/figure>\n<p>L&rsquo;abbaye de Blanchelande, pr\u00e8s de La Haye-du-puits, sert de d\u00e9cor \u00e0 <em>L&rsquo;Ensorcel\u00e9e<\/em>. La r\u00e9volution de 1789 l&rsquo;a d\u00e9truite. Il ne reste aujourd&rsquo;hui  que les portes en ogive au fond d&rsquo;une belle all\u00e9e d&rsquo;arbres et le ch\u00e2teau abbatial, derri\u00e8re un \u00e9tang romantique &#8211; ou m\u00eame gothique &#8211; \u00e0 souhait.<\/p>\n<figure id=\"attachment_2198\" aria-describedby=\"caption-attachment-2198\" style=\"width: 440px\" class=\"wp-caption aligncenter\"><img loading=\"lazy\" class=\" aligncenter size-full wp-image-2198\" src=\"https:\/\/terresdecrivains.org\/wp-content\/uploads\/2007\/12\/jpg_barbeyblanchelande1def.jpg\" alt=\"L'abbaye de Blanchelande\" title=\"L'abbaye de Blanchelande\" class=\"caption\" align=\"center\" width=\"440\" height=\"330\" srcset=\"https:\/\/terresdecrivains.org\/wp-content\/uploads\/2007\/12\/jpg_barbeyblanchelande1def.jpg 440w, https:\/\/terresdecrivains.org\/wp-content\/uploads\/2007\/12\/jpg_barbeyblanchelande1def-300x225.jpg 300w\" sizes=\"(max-width: 440px) 94vw, 440px\" \/><figcaption id=\"caption-attachment-2198\" class=\"wp-caption-text\">L&rsquo;abbaye de Blanchelande<\/figcaption><\/figure>\n<figure id=\"attachment_2199\" aria-describedby=\"caption-attachment-2199\" style=\"width: 440px\" class=\"wp-caption aligncenter\"><img loading=\"lazy\" class=\" aligncenter size-full wp-image-2199\" src=\"https:\/\/terresdecrivains.org\/wp-content\/uploads\/2007\/12\/jpg_barbeyrauvilledef.jpg\" alt=\"L'\u00e9glise de Rauville\" title=\"L'\u00e9glise de Rauville\" class=\"caption\" align=\"center\" width=\"440\" height=\"330\" srcset=\"https:\/\/terresdecrivains.org\/wp-content\/uploads\/2007\/12\/jpg_barbeyrauvilledef.jpg 440w, https:\/\/terresdecrivains.org\/wp-content\/uploads\/2007\/12\/jpg_barbeyrauvilledef-300x225.jpg 300w\" sizes=\"(max-width: 440px) 94vw, 440px\" \/><figcaption id=\"caption-attachment-2199\" class=\"wp-caption-text\">L&rsquo;\u00e9glise de Rauville<\/figcaption><\/figure>\n<p>A Rauville et aux alentours, on se trouve encore dans <em>L&rsquo;Ensorcel\u00e9e<\/em>, et dans <em>Un Pr\u00eatre mari\u00e9<\/em>.<\/p>\n<figure id=\"attachment_2200\" aria-describedby=\"caption-attachment-2200\" style=\"width: 450px\" class=\"wp-caption aligncenter\"><img loading=\"lazy\" class=\" aligncenter size-full wp-image-2200\" src=\"https:\/\/terresdecrivains.org\/wp-content\/uploads\/2007\/12\/jpg_barbeystsauveur2def.jpg\" alt=\"Le vieux presbyt\u00e8re de Saint-Sauveur-le-Vicomte\" title=\"Le vieux presbyt\u00e8re de Saint-Sauveur-le-Vicomte\" class=\"caption\" align=\"center\" width=\"450\" height=\"330\" srcset=\"https:\/\/terresdecrivains.org\/wp-content\/uploads\/2007\/12\/jpg_barbeystsauveur2def.jpg 450w, https:\/\/terresdecrivains.org\/wp-content\/uploads\/2007\/12\/jpg_barbeystsauveur2def-300x220.jpg 300w\" sizes=\"(max-width: 450px) 94vw, 450px\" \/><figcaption id=\"caption-attachment-2200\" class=\"wp-caption-text\">Le vieux presbyt\u00e8re de Saint-Sauveur-le-Vicomte<\/figcaption><\/figure>\n<p>Le vieux presbyt\u00e8re, l&rsquo;\u00e9glise et le cimeti\u00e8re de Saint-Sauveur sont tr\u00e8s certainement ceux du \u00ab\u00a0Blanchelande\u00a0\u00bb de <em>L&rsquo;Ensorcel\u00e9e<\/em>.<\/p>\n<figure id=\"attachment_2201\" aria-describedby=\"caption-attachment-2201\" style=\"width: 440px\" class=\"wp-caption aligncenter\"><img loading=\"lazy\" class=\" aligncenter size-full wp-image-2201\" src=\"https:\/\/terresdecrivains.org\/wp-content\/uploads\/2007\/12\/jpg_barbeystsauveur1def.jpg\" alt=\"Le cimeti\u00e8re et l'\u00e9glise de Saint-Sauveur. A gauche, le toit du presbyt\u00e8re\" title=\"Le cimeti\u00e8re et l'\u00e9glise de Saint-Sauveur. A gauche, le toit du presbyt\u00e8re\" class=\"caption\" align=\"center\" width=\"440\" height=\"210\" srcset=\"https:\/\/terresdecrivains.org\/wp-content\/uploads\/2007\/12\/jpg_barbeystsauveur1def.jpg 440w, https:\/\/terresdecrivains.org\/wp-content\/uploads\/2007\/12\/jpg_barbeystsauveur1def-300x143.jpg 300w\" sizes=\"(max-width: 440px) 94vw, 440px\" \/><figcaption id=\"caption-attachment-2201\" class=\"wp-caption-text\">Le cimeti\u00e8re et l&rsquo;\u00e9glise de Saint-Sauveur. A gauche, le toit du presbyt\u00e8re<\/figcaption><\/figure>\n<figure id=\"attachment_2202\" aria-describedby=\"caption-attachment-2202\" style=\"width: 455px\" class=\"wp-caption aligncenter\"><img loading=\"lazy\" class=\" aligncenter size-full wp-image-2202\" src=\"https:\/\/terresdecrivains.org\/wp-content\/uploads\/2007\/12\/jpg_barbeystsauveur4def.jpg\" alt=\"L'arri\u00e8re de la maison-mus\u00e9e \u00e0 Saint-Sauveur\" title=\"L'arri\u00e8re de la maison-mus\u00e9e \u00e0 Saint-Sauveur\" class=\"caption\" align=\"center\" width=\"455\" height=\"350\" srcset=\"https:\/\/terresdecrivains.org\/wp-content\/uploads\/2007\/12\/jpg_barbeystsauveur4def.jpg 455w, https:\/\/terresdecrivains.org\/wp-content\/uploads\/2007\/12\/jpg_barbeystsauveur4def-300x231.jpg 300w\" sizes=\"(max-width: 455px) 94vw, 455px\" \/><figcaption id=\"caption-attachment-2202\" class=\"wp-caption-text\">L&rsquo;arri\u00e8re de la maison-mus\u00e9e \u00e0 Saint-Sauveur<\/figcaption><\/figure>\n<figure id=\"attachment_2203\" aria-describedby=\"caption-attachment-2203\" style=\"width: 336px\" class=\"wp-caption aligncenter\"><img loading=\"lazy\" class=\" aligncenter size-full wp-image-2203\" src=\"https:\/\/terresdecrivains.org\/wp-content\/uploads\/2007\/12\/jpg_barbeystsauveur5def.jpg\" alt=\"La maison natale de Barbey, celle de son grand-oncle, place Ernest Legrand\" title=\"La maison natale de Barbey, celle de son grand-oncle, place Ernest Legrand\" class=\"caption\" align=\"center\" width=\"336\" height=\"446\" srcset=\"https:\/\/terresdecrivains.org\/wp-content\/uploads\/2007\/12\/jpg_barbeystsauveur5def.jpg 336w, https:\/\/terresdecrivains.org\/wp-content\/uploads\/2007\/12\/jpg_barbeystsauveur5def-226x300.jpg 226w\" sizes=\"(max-width: 336px) 94vw, 336px\" \/><figcaption id=\"caption-attachment-2203\" class=\"wp-caption-text\">La maison natale de Barbey, celle de son grand-oncle, place Ernest Legrand<\/figcaption><\/figure>\n<p><img loading=\"lazy\" class=\" aligncenter size-full wp-image-2204\" src=\"https:\/\/terresdecrivains.org\/wp-content\/uploads\/2007\/12\/jpg_barbeystsauveur6def.jpg\" alt=\"barbeystsauveur6def.jpg\" align=\"center\" width=\"500\" height=\"310\" srcset=\"https:\/\/terresdecrivains.org\/wp-content\/uploads\/2007\/12\/jpg_barbeystsauveur6def.jpg 500w, https:\/\/terresdecrivains.org\/wp-content\/uploads\/2007\/12\/jpg_barbeystsauveur6def-300x186.jpg 300w\" sizes=\"(max-width: 500px) 94vw, 500px\" \/><\/p>\n<figure id=\"attachment_2205\" aria-describedby=\"caption-attachment-2205\" style=\"width: 440px\" class=\"wp-caption aligncenter\"><img loading=\"lazy\" class=\" aligncenter size-full wp-image-2205\" src=\"https:\/\/terresdecrivains.org\/wp-content\/uploads\/2007\/12\/jpg_barbeylislemariedef.jpg\" alt=\"Le ch\u00e2teau de l'Isle-Marie, pr\u00e8s de Pont-l'Abb\u00e9\" title=\"Le ch\u00e2teau de l'Isle-Marie, pr\u00e8s de Pont-l'Abb\u00e9\" class=\"caption\" align=\"center\" width=\"440\" height=\"320\" srcset=\"https:\/\/terresdecrivains.org\/wp-content\/uploads\/2007\/12\/jpg_barbeylislemariedef.jpg 440w, https:\/\/terresdecrivains.org\/wp-content\/uploads\/2007\/12\/jpg_barbeylislemariedef-300x218.jpg 300w\" sizes=\"(max-width: 440px) 94vw, 440px\" \/><figcaption id=\"caption-attachment-2205\" class=\"wp-caption-text\">Le ch\u00e2teau de l&rsquo;Isle-Marie, pr\u00e8s de Pont-l&rsquo;Abb\u00e9<\/figcaption><\/figure>\n<p>Le ch\u00e2teau de l&rsquo;Isle-Marie est le ch\u00e2teau des Saules dans <em>Ce qui ne meurt pas<\/em>.<\/p>\n<p><em>Autres lieux :<\/em><br \/>\n&#8211; le ch\u00e2teau d&rsquo;Olonde, pr\u00e8s de Portbail, est le d\u00e9cor d&rsquo;<em>Une histoire sans nom<\/em>, qui raconte comment Mme de Ferjol et sa fille Lasth\u00e9nie veulent se d\u00e9barrasser d&rsquo;un enfant  venu d&rsquo;on se sait o\u00f9, dont Lasth\u00e9nie est enceinte,<br \/>\n&#8211; l&rsquo;\u00e9glise et le cimeti\u00e8re de Nehou, pr\u00e8s de Saint-Sauveur, sont au c&#339;ur du r\u00e9cit du <em>Pr\u00eatre mari\u00e9<\/em>, de m\u00eame que, \u00e0 quelques kilom\u00e8tres, la petite \u00e9glise isol\u00e9e de Taillepied,<br \/>\n&#8211; lorsque l&rsquo;on se rend de Saint-Sauveur \u00e0 La Haye-du-Puits, on traverse le marais de la Sangsuri\u00e8re, que l&rsquo;on d\u00e9couvre dans <em>Un Pr\u00eatre mari\u00e9<\/em>,<br \/>\n&#8211; \u00e0 Carteret, le manoir de Flers se trouve face au port de plaisance. Enfant, Barbey vient y passer ses vacances.<\/p>\n<p><em>Sources :<\/em><br \/>\n&#8211; <em>Balades litt\u00e9raires. Barbey d&rsquo;Aurevilly au coeur du Cotentin<\/em>, livret gratuit r\u00e9alis\u00e9 par Marie-Odile La\u00een\u00e9 (<a href=\"http:\/\/www.pages-paysages.org\">association Pages et paysages<\/a>, 14220 Saint-Laurent-de-Condel &#8211; 02 31 79 92 73) pour le Comit\u00e9 d\u00e9partemental du tourisme de la Manche (www.manchetourisme.com),<br \/>\n&#8211; <em>Le Cotentin de Barbey d&rsquo;Aurevilly, promenade litt\u00e9raire autour de Saint-Sauveur-le-Vicomte<\/em>, \u00e9dit\u00e9 par Le Promeneur des lettres (<a href=\"http:\/\/www.lireetpartir.com\">www.lireetpartir.com<\/a>),<br \/>\n&#8211; <em>Balade dans la Manche sur les pas des \u00e9crivains<\/em>, pr\u00e9sent\u00e9 par Marie-Odile La\u00een\u00e9, \u00e9ditions Alexandrines (<a href=\"http:\/\/www.alexandrines.fr\">www.alexandrines.fr<\/a>).<\/p>\n<p><em>A faire :<\/em><br \/>\n&#8211; une balade avec Marie-Odile La\u00een\u00e9 (<a href=\"http:\/\/www.pages-paysages.org\">association Pages et paysages<\/a>).<\/p>\n","protected":false},"excerpt":{"rendered":"<p>Voir aussi 13. L&rsquo;abbaye de Blanchelande, pr\u00e8s de La Haye-du-puits, sert de d\u00e9cor \u00e0 L&rsquo;Ensorcel\u00e9e. La r\u00e9volution de [&hellip;]<\/p>\n","protected":false},"author":1,"featured_media":2197,"comment_status":"closed","ping_status":"open","sticky":false,"template":"","format":"standard","meta":[],"categories":[3],"tags":[],"_links":{"self":[{"href":"https:\/\/terresdecrivains.org\/index.php\/wp-json\/wp\/v2\/posts\/761"}],"collection":[{"href":"https:\/\/terresdecrivains.org\/index.php\/wp-json\/wp\/v2\/posts"}],"about":[{"href":"https:\/\/terresdecrivains.org\/index.php\/wp-json\/wp\/v2\/types\/post"}],"author":[{"embeddable":true,"href":"https:\/\/terresdecrivains.org\/index.php\/wp-json\/wp\/v2\/users\/1"}],"replies":[{"embeddable":true,"href":"https:\/\/terresdecrivains.org\/index.php\/wp-json\/wp\/v2\/comments?post=761"}],"version-history":[{"count":1,"href":"https:\/\/terresdecrivains.org\/index.php\/wp-json\/wp\/v2\/posts\/761\/revisions"}],"predecessor-version":[{"id":3882,"href":"https:\/\/terresdecrivains.org\/index.php\/wp-json\/wp\/v2\/posts\/761\/revisions\/3882"}],"wp:featuredmedia":[{"embeddable":true,"href":"https:\/\/terresdecrivains.org\/index.php\/wp-json\/wp\/v2\/media\/2197"}],"wp:attachment":[{"href":"https:\/\/terresdecrivains.org\/index.php\/wp-json\/wp\/v2\/media?parent=761"}],"wp:term":[{"taxonomy":"category","embeddable":true,"href":"https:\/\/terresdecrivains.org\/index.php\/wp-json\/wp\/v2\/categories?post=761"},{"taxonomy":"post_tag","embeddable":true,"href":"https:\/\/terresdecrivains.org\/index.php\/wp-json\/wp\/v2\/tags?post=761"}],"curies":[{"name":"wp","href":"https:\/\/api.w.org\/{rel}","templated":true}]}}