{"id":843,"date":"2011-05-22T18:44:06","date_gmt":"2011-05-22T16:44:06","guid":{"rendered":"https:\/\/terresdecrivains.org\/index.php\/2011\/05\/22\/guillaume-apollinaire-a-damgan-en-bretagne\/"},"modified":"2025-05-26T17:52:17","modified_gmt":"2025-05-26T15:52:17","slug":"guillaume-apollinaire-a-damgan-en-bretagne","status":"publish","type":"post","link":"https:\/\/terresdecrivains.org\/index.php\/2011\/05\/22\/guillaume-apollinaire-a-damgan-en-bretagne\/","title":{"rendered":"Guillaume APOLLINAIRE \u00e0 Damgan en Bretagne"},"content":{"rendered":"<figure id=\"attachment_2304\" aria-describedby=\"caption-attachment-2304\" style=\"width: 480px\" class=\"wp-caption aligncenter\"><img loading=\"lazy\" class=\" aligncenter size-full wp-image-2304\" src=\"https:\/\/terresdecrivains.org\/wp-content\/uploads\/2011\/05\/jpg_Apollinaire_Kervoyal.jpg\" alt=\"La maison du 34 Grande-rue, aujourd'hui propri\u00e9t\u00e9 priv\u00e9e.\" title=\"La maison du 34 Grande-rue, aujourd'hui propri\u00e9t\u00e9 priv\u00e9e.\" class=\"caption\" align=\"center\" width=\"480\" height=\"368\" srcset=\"https:\/\/terresdecrivains.org\/wp-content\/uploads\/2011\/05\/jpg_Apollinaire_Kervoyal.jpg 480w, https:\/\/terresdecrivains.org\/wp-content\/uploads\/2011\/05\/jpg_Apollinaire_Kervoyal-300x230.jpg 300w\" sizes=\"(max-width: 480px) 94vw, 480px\" \/><figcaption id=\"caption-attachment-2304\" class=\"wp-caption-text\">La maison du 34 Grande-rue, aujourd&rsquo;hui propri\u00e9t\u00e9 priv\u00e9e.<\/figcaption><\/figure>\n<p>En juillet 1918, le soldat Guillaume Apollinaire est en permission. Il vient passer deux mois avec sa femme, \u00e0 Kervoyal pr\u00e8s de Damgan, \u00e0 trente kilom\u00e8tres de Vannes dans le Morbihan. Ils louent une chambre chez Mme Robert, 34 Grande rue.<br \/>\nIl d\u00e9crit les environs dans son carnet intime.<\/p>\n<p>Apollinaire avait d\u00e9j\u00e0 s\u00e9journ\u00e9 dans la r\u00e9gion : fin ao\u00fbt 1913, chez son ami le peintre Serge F\u00e9rat \u00e0 La Baule, alors qu&rsquo;il se s\u00e9pare de Marie Laurencin, et \u00e0 B\u00e9nodet en ao\u00fbt 1917.<\/p>\n<p>\u00c0 lire :<br \/>\n&#8211; <em>Guillaume Apollinaire et la Bretagne<\/em> &#8211; (P.-M. Ad\u00e9ma), Soci\u00e9t\u00e9 polymathique du Morbihan, num\u00e9ros 1995 (pages 125-148) et 1994 (page 91).<br \/>\n&#8211; <em>Apollinaire \u00e0 La Baule<\/em> ; suivi de <em>Apollinaire, permissionnaire en Bretagne: (B\u00e9nodet, Kervoyal)<\/em>, par Jacques Doucet. <\/p>\n<p>NB : signalons aussi qu&rsquo;\u00e0 Kervoyal a v\u00e9cu Herv\u00e9 Bazin, dans une grande maison situ\u00e9e 5 promenade Guillaume Apollinaire. Cette maison a \u00e9t\u00e9 ras\u00e9e lors de la derni\u00e8re guerre et elle a \u00e9t\u00e9 remplac\u00e9e par deux autres.<\/p>\n","protected":false},"excerpt":{"rendered":"<p>En juillet 1918, le soldat Guillaume Apollinaire est en permission. Il vient passer deux mois avec sa femme, [&hellip;]<\/p>\n","protected":false},"author":1,"featured_media":2304,"comment_status":"closed","ping_status":"open","sticky":false,"template":"","format":"standard","meta":[],"categories":[2],"tags":[35],"_links":{"self":[{"href":"https:\/\/terresdecrivains.org\/index.php\/wp-json\/wp\/v2\/posts\/843"}],"collection":[{"href":"https:\/\/terresdecrivains.org\/index.php\/wp-json\/wp\/v2\/posts"}],"about":[{"href":"https:\/\/terresdecrivains.org\/index.php\/wp-json\/wp\/v2\/types\/post"}],"author":[{"embeddable":true,"href":"https:\/\/terresdecrivains.org\/index.php\/wp-json\/wp\/v2\/users\/1"}],"replies":[{"embeddable":true,"href":"https:\/\/terresdecrivains.org\/index.php\/wp-json\/wp\/v2\/comments?post=843"}],"version-history":[{"count":1,"href":"https:\/\/terresdecrivains.org\/index.php\/wp-json\/wp\/v2\/posts\/843\/revisions"}],"predecessor-version":[{"id":6668,"href":"https:\/\/terresdecrivains.org\/index.php\/wp-json\/wp\/v2\/posts\/843\/revisions\/6668"}],"wp:featuredmedia":[{"embeddable":true,"href":"https:\/\/terresdecrivains.org\/index.php\/wp-json\/wp\/v2\/media\/2304"}],"wp:attachment":[{"href":"https:\/\/terresdecrivains.org\/index.php\/wp-json\/wp\/v2\/media?parent=843"}],"wp:term":[{"taxonomy":"category","embeddable":true,"href":"https:\/\/terresdecrivains.org\/index.php\/wp-json\/wp\/v2\/categories?post=843"},{"taxonomy":"post_tag","embeddable":true,"href":"https:\/\/terresdecrivains.org\/index.php\/wp-json\/wp\/v2\/tags?post=843"}],"curies":[{"name":"wp","href":"https:\/\/api.w.org\/{rel}","templated":true}]}}