{"id":879,"date":"2010-03-10T10:49:44","date_gmt":"2010-03-10T09:49:44","guid":{"rendered":"https:\/\/terresdecrivains.org\/index.php\/2010\/03\/10\/zenaide-fleuriot-a-locmariaquer\/"},"modified":"2025-05-26T17:52:18","modified_gmt":"2025-05-26T15:52:18","slug":"zenaide-fleuriot-a-locmariaquer","status":"publish","type":"post","link":"https:\/\/terresdecrivains.org\/index.php\/2010\/03\/10\/zenaide-fleuriot-a-locmariaquer\/","title":{"rendered":"Z\u00e9na\u00efde FLEURIOT \u00e0 Locmariaquer"},"content":{"rendered":"<figure id=\"attachment_2372\" aria-describedby=\"caption-attachment-2372\" style=\"width: 430px\" class=\"wp-caption aligncenter\"><img loading=\"lazy\" class=\" aligncenter size-full wp-image-2372\" src=\"https:\/\/terresdecrivains.org\/wp-content\/uploads\/2010\/03\/jpg_fleuriotdef1.jpg\" alt=\"Kermoareb\" title=\"Kermoareb\" class=\"caption\" align=\"center\" width=\"430\" height=\"343\" srcset=\"https:\/\/terresdecrivains.org\/wp-content\/uploads\/2010\/03\/jpg_fleuriotdef1.jpg 430w, https:\/\/terresdecrivains.org\/wp-content\/uploads\/2010\/03\/jpg_fleuriotdef1-300x239.jpg 300w\" sizes=\"(max-width: 430px) 94vw, 430px\" \/><figcaption id=\"caption-attachment-2372\" class=\"wp-caption-text\">Kermoareb<\/figcaption><\/figure>\n<p>Z\u00e9na\u00efde na\u00eet en 1829, rue Houvenagle (anciennement 19 Grande&rsquo;Rue) \u00e0 St-Brieuc et d\u00e9c\u00e8de en 1890, 116 rue du Cherche Midi \u00e0 Paris. Entre-deux, beaucoup de romans, beaucoup de deuils autour d&rsquo;elle, et un havre de paix qu&rsquo;elle fait construire \u00e0 Locmariaquer, dans le Morbihan : \u00ab\u00a0Kermoareb\u00a0\u00bb (la maison de la tante).<\/p>\n<p>Lorsqu&rsquo;elle a 20 ans, son p\u00e8re est ruin\u00e9. Z\u00e9na\u00efde trouve \u00e0 s&#8217;employer comme pr\u00e9ceptrice dans le famille de Ker\u00e9ver, \u00e0 Ch\u00e2teau-Billy, l&rsquo;\u00e9t\u00e9, pr\u00e8s de St Brieuc et \u00e0 Ploufragan l&#8217;hiver. Son p\u00e8re d\u00e9c\u00e8de fin 1849, et elle d\u00e9cide d&#8217;\u00e9crire pour \u00e9ponger ses quelques dettes. Elle est employ\u00e9e chez les de Ker\u00e9ver jusqu&rsquo;en 1864 et \u00e9crit le soir, lorsque les enfants sont couch\u00e9s. En 1857, elle propose une nouvelle \u00e0 un concours propos\u00e9 par le magazine <em>La France litt\u00e9raire<\/em> et remporte le premier prix, qui sera suivi d&rsquo;un autre premier prix au concours suivant. Son premier ouvrage est publi\u00e9 en 1859, toujours sous un nom d&#8217;emprunt. Elle se fait conna\u00eetre aupr\u00e8s d&rsquo;Alfred Nettement, d\u00e9put\u00e9 du Morbihan, directeur de <em>L&#8217;Opinion Publique<\/em> et de <em>La Semaine des Familles<\/em>\u00a0(tout un programme !), qui publiera l&rsquo;essentiel de ses romans jusqu&rsquo;\u00e0 sa mort.<\/p>\n<p>Z\u00e9na\u00efde s&rsquo;installe en 1866 \u00e0 St-Brieuc, pour veiller sur l&rsquo;\u00e9ducation d&rsquo;un neveu.<\/p>\n<p>Elle effectue d\u00e9but 1868 un s\u00e9jour parisien dans une chambre \u00e0 l&#8217;Abbaye-aux-Bois, rue de S\u00e8vres, au-dessus de l&#8217;appartement qu&#8217;habitait Mme R\u00e9camier dans la premi\u00e8re moiti\u00e9 du si\u00e8cle.<br \/>\n<br \/>Pour se rapprocher d&rsquo;une communaut\u00e9 religieuse, elle emm\u00e9nage d\u00e9finitivement \u00e0 Paris fin 1868. Son adresse jusqu&rsquo;\u00e0 la fin de sa vie est un appartement retir\u00e9 du 116 rue du Cherche-Midi. C&rsquo;est au rez-de-chauss\u00e9e de cet immeuble, avec des matelas aux fen\u00eatres, qu&rsquo;elle endure le si\u00e8ge de Paris.<br \/>\n<br \/>Lorsqu&rsquo;une \u00e9cole professionnelle pour jeunes filles s&rsquo;installe dans l&rsquo;immeuble en octobre 1871, Z\u00e9na\u00efde y occupe une fonction de surveillante.<\/p>\n<p>Pendant l&rsquo;\u00e9t\u00e9 1872, elle rejoint \u00e0 Locmariaquer sa belle-soeur, partie l\u00e0-bas soigner sa sant\u00e9. La vie simple et \u00e0 l&rsquo;abri des touristes qu&rsquo;elle d\u00e9couvre dans ce petit village au bord de l&rsquo;eau la s\u00e9duit. Elle pense pouvoir y trouver la solitude qu&rsquo;elle recherche et y fait construire une maison l&rsquo;ann\u00e9e suivante. Elle \u00e9crit en 1873 : \u00ab\u00a0C&#8217;est un v\u00e9ritable r\u00eave pour moi que d&#8217;avoir une maisonnette devant la mer, qui me rafra\u00eechit, me berce, me tient dans le go\u00fbt de l&#8217;infini, et m&#8217;enl\u00e8ve aux tentations violentes des bonheurs humains, dont ma nature a \u00e9t\u00e9 et est avide.\u00a0\u00bb<br \/>\n<figure id=\"attachment_2373\" aria-describedby=\"caption-attachment-2373\" style=\"width: 480px\" class=\"wp-caption aligncenter\"><img loading=\"lazy\" class=\" aligncenter size-full wp-image-2373\" src=\"https:\/\/terresdecrivains.org\/wp-content\/uploads\/2010\/03\/jpg_fleuriotdef2.jpg\" alt=\"On aper\u00e7oit la maison \u00e0 gauche.\" title=\"On aper\u00e7oit la maison \u00e0 gauche.\" class=\"caption\" align=\"center\" width=\"480\" height=\"368\" srcset=\"https:\/\/terresdecrivains.org\/wp-content\/uploads\/2010\/03\/jpg_fleuriotdef2.jpg 480w, https:\/\/terresdecrivains.org\/wp-content\/uploads\/2010\/03\/jpg_fleuriotdef2-300x230.jpg 300w\" sizes=\"(max-width: 480px) 94vw, 480px\" \/><figcaption id=\"caption-attachment-2373\" class=\"wp-caption-text\">On aper\u00e7oit la maison \u00e0 gauche.<\/figcaption><\/figure><br \/>\nCette belle maison situ\u00e9e face \u00e0 la mer est aussi destin\u00e9e \u00e0 accueillir une partie de sa famille pour des s\u00e9jours de vacances ou de repos, la c\u00e9libataire Z\u00e9na\u00efde assurant jusqu&rsquo;\u00e0 sa mort un r\u00f4le de \u00ab\u00a0mater familias\u00a0\u00bb lorsque des difficult\u00e9s frappent les siens.<\/p>\n<p>Aujourd&rsquo;hui comme hier, la maison n&rsquo;est s\u00e9par\u00e9e du Golfe du Morbihan que par un jardin et un sentier de douaniers. Elle est propri\u00e9t\u00e9 priv\u00e9e et ne se visite pas.<\/p>\n<figure id=\"attachment_2374\" aria-describedby=\"caption-attachment-2374\" style=\"width: 480px\" class=\"wp-caption aligncenter\"><img loading=\"lazy\" class=\" aligncenter size-full wp-image-2374\" src=\"https:\/\/terresdecrivains.org\/wp-content\/uploads\/2010\/03\/jpg_fleuriotdef3.jpg\" alt=\"Le petit chemin qui s\u00e9pare la maison du golfe du Morbihan.\" title=\"Le petit chemin qui s\u00e9pare la maison du golfe du Morbihan.\" class=\"caption\" align=\"center\" width=\"480\" height=\"368\" srcset=\"https:\/\/terresdecrivains.org\/wp-content\/uploads\/2010\/03\/jpg_fleuriotdef3.jpg 480w, https:\/\/terresdecrivains.org\/wp-content\/uploads\/2010\/03\/jpg_fleuriotdef3-300x230.jpg 300w\" sizes=\"(max-width: 480px) 94vw, 480px\" \/><figcaption id=\"caption-attachment-2374\" class=\"wp-caption-text\">Le petit chemin qui s\u00e9pare la maison du golfe du Morbihan.<\/figcaption><\/figure>\n<p>Source :<br \/>\n&#8211; <em>Dictionnaire des romanciers de Bretagne<\/em>.<\/p>\n","protected":false},"excerpt":{"rendered":"<p>Z\u00e9na\u00efde na\u00eet en 1829, rue Houvenagle (anciennement 19 Grande&rsquo;Rue) \u00e0 St-Brieuc et d\u00e9c\u00e8de en 1890, 116 rue du [&hellip;]<\/p>\n","protected":false},"author":1,"featured_media":2372,"comment_status":"closed","ping_status":"open","sticky":false,"template":"","format":"standard","meta":[],"categories":[2],"tags":[17,35],"_links":{"self":[{"href":"https:\/\/terresdecrivains.org\/index.php\/wp-json\/wp\/v2\/posts\/879"}],"collection":[{"href":"https:\/\/terresdecrivains.org\/index.php\/wp-json\/wp\/v2\/posts"}],"about":[{"href":"https:\/\/terresdecrivains.org\/index.php\/wp-json\/wp\/v2\/types\/post"}],"author":[{"embeddable":true,"href":"https:\/\/terresdecrivains.org\/index.php\/wp-json\/wp\/v2\/users\/1"}],"replies":[{"embeddable":true,"href":"https:\/\/terresdecrivains.org\/index.php\/wp-json\/wp\/v2\/comments?post=879"}],"version-history":[{"count":1,"href":"https:\/\/terresdecrivains.org\/index.php\/wp-json\/wp\/v2\/posts\/879\/revisions"}],"predecessor-version":[{"id":6693,"href":"https:\/\/terresdecrivains.org\/index.php\/wp-json\/wp\/v2\/posts\/879\/revisions\/6693"}],"wp:featuredmedia":[{"embeddable":true,"href":"https:\/\/terresdecrivains.org\/index.php\/wp-json\/wp\/v2\/media\/2372"}],"wp:attachment":[{"href":"https:\/\/terresdecrivains.org\/index.php\/wp-json\/wp\/v2\/media?parent=879"}],"wp:term":[{"taxonomy":"category","embeddable":true,"href":"https:\/\/terresdecrivains.org\/index.php\/wp-json\/wp\/v2\/categories?post=879"},{"taxonomy":"post_tag","embeddable":true,"href":"https:\/\/terresdecrivains.org\/index.php\/wp-json\/wp\/v2\/tags?post=879"}],"curies":[{"name":"wp","href":"https:\/\/api.w.org\/{rel}","templated":true}]}}