{"id":882,"date":"2010-04-20T22:45:12","date_gmt":"2010-04-20T20:45:12","guid":{"rendered":"https:\/\/terresdecrivains.org\/index.php\/2010\/04\/20\/jean-jacques-rousseau-a-lyon\/"},"modified":"2025-05-26T17:52:18","modified_gmt":"2025-05-26T15:52:18","slug":"jean-jacques-rousseau-a-lyon","status":"publish","type":"post","link":"https:\/\/terresdecrivains.org\/index.php\/2010\/04\/20\/jean-jacques-rousseau-a-lyon\/","title":{"rendered":"Jean-Jacques ROUSSEAU \u00e0 Lyon"},"content":{"rendered":"<p>En 1732 puis en 1740, Jean-Jacques Rousseau fit deux s\u00e9jours \u00e0 Lyon. C&#8217;\u00e9tait alors pour lui une p\u00e9riode difficile pendant laquelle il v\u00e9cut chichement. Il raconte dans un chapitre des \u00ab\u00a0Confessions\u00a0\u00bb les aventures qui lui arriv\u00e8rent et qui le laiss\u00e8rent assez circonspect sur les m&#339;urs lyonnaises.<\/p>\n<p>Un soir, alors qu&#8217;il se trouvait sur la place Bellecour, \u00ab\u00a0apr\u00e8s un tr\u00e8s l\u00e9ger souper, r\u00eavant de me tirer d&#8217;affaire\u00a0\u00bb, pr\u00e9cise-t-il, un homme l&#8217;accoste, engage la conversation et lui propose de \u00ab\u00a0s&#8217;amuser de compagnie\u00a0\u00bb. Expression \u00e9trange qui ne fut pas sans inqui\u00e9ter Jean-Jacques Rousseau. Son inqui\u00e9tude grandit tant et si bien qu&#8217;il \u00ab\u00a0se mit \u00e0 fuir \u00e0 toutes jambes, croyant avoir ce mis\u00e9rable \u00e0 mes trousses\u00a0\u00bb, pr\u00e9cise-t-il.<br \/>\n<br \/>Triste fin de journ\u00e9e et piteuse d\u00e9bandade peu digne de la sagesse qu&#8217;on pr\u00eate au philosophe. Jean-Jacques Rousseau avait sans doute oubli\u00e9 cet incident quand il revint \u00e0 Lyon quelque huit ans plus tard.<\/p>\n<p><img loading=\"lazy\" class=\" aligncenter size-full wp-image-2375\" src=\"https:\/\/terresdecrivains.org\/wp-content\/uploads\/2010\/04\/jpg_Lyon_Bellecour_Fleuristesdef.jpg\" alt=\"Lyon_Bellecour_Fleuristesdef.jpg\" align=\"center\" width=\"500\" height=\"375\" srcset=\"https:\/\/terresdecrivains.org\/wp-content\/uploads\/2010\/04\/jpg_Lyon_Bellecour_Fleuristesdef.jpg 500w, https:\/\/terresdecrivains.org\/wp-content\/uploads\/2010\/04\/jpg_Lyon_Bellecour_Fleuristesdef-300x225.jpg 300w\" sizes=\"(max-width: 500px) 94vw, 500px\" \/><\/p>\n<p>Lors de ce second voyage \u00e0 Lyon, et toujours aussi d\u00e9sargent\u00e9 tant la philosophie avait peine \u00e0 nourrir son homme, il arrive \u00e0 Jean-Jacques Rousseau une nouvelle aventure qui lui rappela la pr\u00e9c\u00e9dente. De quoi lui donner une pi\u00e8tre id\u00e9e de la population lyonnaise&#8230; ou donner \u00e0 r\u00e9fl\u00e9chir au philosophe sur les fac\u00e9ties du hasard.<\/p>\n<p>Cette fois-ci, il rencontra un abb\u00e9 \u00e0 qui il avoua sa grande g\u00eane  et qui, devant sa pauvre mine, l&#8217;invita chez lui. Quelle ne fut pas sa d\u00e9ception quand il s&#8217;aper\u00e7ut qu&#8217;en fait, il avait les m\u00eames penchants que le pr\u00e9c\u00e9dent.  Gu\u00e8re rassur\u00e9, il \u00e9crit\u00a0: \u00ab\u00a0Plus instruit que la premi\u00e8re fois, je compris bient\u00f4t son dessein et j&#8217;en fr\u00e9mis.\u00a0\u00bb Mais cette fois, point de fuite piteuse par les rues de la ville, il fit le p\u00e9dagogue jusqu&#8217;au renoncement de son h\u00f4te. La puissance de persuasion de son verbe n&#8217;avait d&#8217;\u00e9gal que l&#8217;\u00e9l\u00e9gance de son style.<\/p>\n<p>Ils pass\u00e8rent tous deux dans la chambre un nuit tranquille et au r\u00e9veil descendirent prendre leur petit d\u00e9jeuner \u00e0 la table de l&#8217;h\u00f4tesse de monsieur l&#8217;abb\u00e9.  Quelles ne furent pas la d\u00e9ception et la fureur de Jean-Jacques Rousseau de constater la mauvaise volont\u00e9 \u00e9vidente et la mine rechign\u00e9e des trois femmes de la maisonn\u00e9e qui pensaient sans doute que cet ami de l&#8217;abb\u00e9 \u00e9tait afflig\u00e9 des m\u00eames m&#339;urs que lui. Du coup, il n&#8217;eut qu&#8217;une id\u00e9e\u00a0: s&#8217;\u00e9loigner le plus vite possible, quitte \u00e0 refuser la  collation que lui propose beno\u00eetement son h\u00f4te.<\/p>\n<p><img loading=\"lazy\" class=\" aligncenter size-full wp-image-2376\" src=\"https:\/\/terresdecrivains.org\/wp-content\/uploads\/2010\/04\/jpg_Lyon_Bellecour_Jetsdeaudef.jpg\" alt=\"Lyon_Bellecour_Jetsdeaudef.jpg\" align=\"center\" width=\"500\" height=\"375\" srcset=\"https:\/\/terresdecrivains.org\/wp-content\/uploads\/2010\/04\/jpg_Lyon_Bellecour_Jetsdeaudef.jpg 500w, https:\/\/terresdecrivains.org\/wp-content\/uploads\/2010\/04\/jpg_Lyon_Bellecour_Jetsdeaudef-300x225.jpg 300w\" sizes=\"(max-width: 500px) 94vw, 500px\" \/><\/p>\n<p>Pauvre philosophe si malmen\u00e9 qui constate que \u00ab\u00a0jamais rien ne m&#8217;\u00e9tait arriv\u00e9 de semblable \u00e0 ces deux aventures.\u00a0\u00bb Et de se lamenter, et de consid\u00e9rer Lyon comme une ville de perdition, une ville \u00ab\u00a0o\u00f9 r\u00e8gne la plus affreuse corruption.\u00a0\u00bb<\/p>\n<p>Christian Broussas, Feyzin, avril 2010<\/p>\n<p><em>Autres fiches \u00e0 consulter sur ce site\u00a0:<\/em><br \/>\n&#8211; \u00a0\u00bb\u00a0Antoine de Saint-Exup\u00e9ry \u00e0 Lyon, Paris&#8230;\u00a0\u00bb\u00a0;<br \/>\n&#8211; \u00a0\u00bb\u00a0P\u00e9trus Borel \u00e0 Lyon, Paris&#8230;\u00a0\u00bb\u00a0;<br \/>\n&#8211; \u00a0\u00bb\u00a0Albert Camus au Panelier (haute Loire) et \u00e0 Lyon en 1943&Prime;\u00a0;<br \/>\n&#8211; \u00a0\u00bb\u00a0Bernard Clavel \u00e0 Ch\u00e2teau-Chalon \u00a0\u00bb (pr\u00e8s de Lons-le-Saunier)\u00a0;<br \/>\n&#8211; \u00a0\u00bb\u00a0Roger Vailland aux Allymes dans le Bugey (Ain)\u00a0\u00bb\u00a0;<br \/>\n&#8211; \u00a0\u00bb\u00a0Bernard Clavel \u00e0 Courmangoux dans l&#8217;Ain\u00a0\u00bb\u00a0.<\/p>\n<p><em>R\u00e9f\u00e9rences bibliographiques\u00a0:<\/em><br \/>\n&#8211; \u00a0\u00bb\u00a0Les Confessions\u00a0\u00bb,<br \/>\n&#8211; \u00a0\u00bb\u00a0Julie ou la nouvelle H\u00e9lo\u00efse\u00a0\u00bb,<br \/>\n&#8211; \u00a0\u00bb\u00a0Le contrat social\u00a0\u00bb,<br \/>\n&#8211; \u00a0\u00bb\u00a0L&#8217;Emile ou les vertus de l&#8217;\u00e9ducation\u00a0\u00bb.<\/p>\n<p><em>Voir aussi les sites suivants\u00a0:<\/em><br \/>\n&#8211; http:\/\/fr.wikipedia.org\/wiki\/Jean-Jacques_Rousseau<br \/>\n&#8211; http:\/\/www.site-magister.com\/rousseau.htm<\/p>\n","protected":false},"excerpt":{"rendered":"<p>En 1732 puis en 1740, Jean-Jacques Rousseau fit deux s\u00e9jours \u00e0 Lyon. C&#8217;\u00e9tait alors pour lui une p\u00e9riode [&hellip;]<\/p>\n","protected":false},"author":16,"featured_media":2375,"comment_status":"closed","ping_status":"open","sticky":false,"template":"","format":"standard","meta":[],"categories":[2],"tags":[30],"_links":{"self":[{"href":"https:\/\/terresdecrivains.org\/index.php\/wp-json\/wp\/v2\/posts\/882"}],"collection":[{"href":"https:\/\/terresdecrivains.org\/index.php\/wp-json\/wp\/v2\/posts"}],"about":[{"href":"https:\/\/terresdecrivains.org\/index.php\/wp-json\/wp\/v2\/types\/post"}],"author":[{"embeddable":true,"href":"https:\/\/terresdecrivains.org\/index.php\/wp-json\/wp\/v2\/users\/16"}],"replies":[{"embeddable":true,"href":"https:\/\/terresdecrivains.org\/index.php\/wp-json\/wp\/v2\/comments?post=882"}],"version-history":[{"count":1,"href":"https:\/\/terresdecrivains.org\/index.php\/wp-json\/wp\/v2\/posts\/882\/revisions"}],"predecessor-version":[{"id":6692,"href":"https:\/\/terresdecrivains.org\/index.php\/wp-json\/wp\/v2\/posts\/882\/revisions\/6692"}],"wp:featuredmedia":[{"embeddable":true,"href":"https:\/\/terresdecrivains.org\/index.php\/wp-json\/wp\/v2\/media\/2375"}],"wp:attachment":[{"href":"https:\/\/terresdecrivains.org\/index.php\/wp-json\/wp\/v2\/media?parent=882"}],"wp:term":[{"taxonomy":"category","embeddable":true,"href":"https:\/\/terresdecrivains.org\/index.php\/wp-json\/wp\/v2\/categories?post=882"},{"taxonomy":"post_tag","embeddable":true,"href":"https:\/\/terresdecrivains.org\/index.php\/wp-json\/wp\/v2\/tags?post=882"}],"curies":[{"name":"wp","href":"https:\/\/api.w.org\/{rel}","templated":true}]}}