{"id":901,"date":"2010-10-16T10:51:26","date_gmt":"2010-10-16T08:51:26","guid":{"rendered":"https:\/\/terresdecrivains.org\/index.php\/2010\/10\/16\/stendhal-a-lyon\/"},"modified":"2025-05-26T17:52:18","modified_gmt":"2025-05-26T15:52:18","slug":"stendhal-a-lyon","status":"publish","type":"post","link":"https:\/\/terresdecrivains.org\/index.php\/2010\/10\/16\/stendhal-a-lyon\/","title":{"rendered":"STENDHAL \u00e0 Lyon"},"content":{"rendered":"<figure id=\"attachment_2408\" aria-describedby=\"caption-attachment-2408\" style=\"width: 480px\" class=\"wp-caption aligncenter\"><img loading=\"lazy\" class=\" aligncenter size-full wp-image-2408\" src=\"https:\/\/terresdecrivains.org\/wp-content\/uploads\/2010\/10\/jpg_Caluire_berges4def.jpg\" alt=\"Les berges de Caluire (ph. Christian Broussas)\" title=\"Les berges de Caluire (ph. Christian Broussas)\" class=\"caption\" align=\"center\" width=\"480\" height=\"368\" srcset=\"https:\/\/terresdecrivains.org\/wp-content\/uploads\/2010\/10\/jpg_Caluire_berges4def.jpg 480w, https:\/\/terresdecrivains.org\/wp-content\/uploads\/2010\/10\/jpg_Caluire_berges4def-300x230.jpg 300w\" sizes=\"(max-width: 480px) 94vw, 480px\" \/><figcaption id=\"caption-attachment-2408\" class=\"wp-caption-text\">Les berges de Caluire (ph. Christian Broussas)<\/figcaption><\/figure>\n<p>Stendhal, grand voyageur qui aima passionn\u00e9ment l&#8217;Italie, \u00e9tait attir\u00e9, non pas tant par la ville de Lyon que par sa gastronomie d\u00e9j\u00e0 tr\u00e8s renomm\u00e9e \u00e0 son \u00e9poque.<\/p>\n<p>Dans son livre de souvenirs intitul\u00e9 \u00a0\u00bb\u00a0M\u00e9moires d&#8217;un touriste \u00a0\u00bb\u00a0 publi\u00e9 en 1838, Stendhal \u00e9voque en termes \u00e9logieux la gastronomie lyonnaise dont il dit\u00a0: \u00ab\u00a0Je ne connais qu&#8217;une chose que l&#8217;on fasse tr\u00e8s bien \u00e0 Lyon\u00a0; on y mange admirablement, et selon moi, mieux qu&#8217;\u00e0 Paris.\u00a0\u00bb Il narre sa rencontre avec un groupe de bons esprits et de bons vivants pour qui d\u00eener est affaire s\u00e9rieuse.<\/p>\n<p>Chaque membre du groupe invite \u00e0 son tour chez lui ses amis, avec un seul imp\u00e9ratif\u00a0: r\u00e9galer des convives tr\u00e8s exigeants qui jugent la prestation en amateurs avertis et sourcilleux de la qualit\u00e9, leur offrir un fastueux repas digne des plus grandes tables et des palais les plus raffin\u00e9s. Rien ne devait \u00eatre laiss\u00e9 au hasard\u00a0: \u00ab\u00a0Un tel d\u00eener, \u00e9crit Stendhal, o\u00f9 tout doit \u00eatre parfait, n&#8217;est pas une petite affaire pour celui qui le donne, il faut \u00eatre en course d\u00e8s l&#8217;avant-veille.\u00a0\u00bb Une occupation \u00e0 temps plein, pas \u00e0 la port\u00e9e du premier venu. Mais qu&#8217;importe, Stendhal ne boude pas son admiration devant cette recherche de l&#8217;excellence.<\/p>\n<p> \u00ab\u00a0Apr\u00e8s d\u00eener, \u00e9crit Stendhal, on allait jouer aux boules aux Brotteaux[[Les Brotteaux : quartier de Lyon autour de l&#8217;ancienne gare des Brotteaux construire entre 1904 et 1908, class\u00e9e monument historique, constituant le VI \u00e8me arrondissement.]]: nous longions le quai Saint-Clair.\u00a0\u00bb[[Quai Saint-Clair : ancien nom du quai situ\u00e9 sur la rive droite du Rh\u00f4ne, sur les communes de Lyon et de Caluire.]] Un jour sur les bords du Rh\u00f4ne, indiquant un petit h\u00f4tel, l&#8217;un des participants s&#8217;exclama\u00a0: \u00ab\u00a0Ah\u00a0! C&#8217;est la maison de la pauvre madame Girer de Loche.\u00a0\u00bb Et il se mit \u00e0 raconter l&#8217;histoire de cette jeune veuve, riche, jolie et fort aimable. <\/p>\n<p>Pieuse et chaste depuis la mort de son mari, \u00ab\u00a0r\u00e9sistant depuis six ans \u00e0 tous les hommages\u00a0\u00bb, elle n&#8217;en tomba pas moins amoureuse d&#8217;un jeune Grenoblois qui vint s&#8217;\u00e9tablir dans l&#8217;immeuble de madame Girer,  juste au-dessus de chez elle. Co\u00efncidence bien troublante qui n&#8217;effleura personne dans le quartier, ceci d&#8217;autant plus que le jeune homme repartait parfois \u00e0 Grenoble pour ses affaires, \u00ab\u00a0prit le go\u00fbt de la p\u00eache, et p\u00eachait souvent dans le Rh\u00f4ne sous les fen\u00eatres de la maison qu&#8217;il habitait.\u00a0\u00bb  Ils firent construire un escalier int\u00e9rieur qui leur permettait de se voir en toute discr\u00e9tion. Personne ne pensait \u00e0 mal dans ce quartier tranquille, surtout d&#8217;une jeune veuve aimable et respectable.<\/p>\n<p>Mais au bout de six ann\u00e9es, le jeune volage convola en justes noces chez lui \u00e0 Grenoble. Le coup fut si rude pour la dame que sa sant\u00e9 en p\u00e2tit fort et qu&#8217;elle alla s&#8217;\u00e9tablir dans le midi, \u00e0 La Ciotat. Mais tous ses efforts furent inutiles et on la d\u00e9couvrit quelques temps apr\u00e8s asphyxi\u00e9e dans sa chambre.<br \/>\nOn d\u00e9couvrit \u00ab\u00a0qu&#8217;elle avait br\u00fbl\u00e9 son passeport et d\u00e9marqu\u00e9 son linge\u00a0\u00bb.<\/p>\n<p>Triste fin qui ne suffit pas \u00e0 alt\u00e9rer durablement la bonne humeur des membres de l&#8217;\u00e9quipe.<\/p>\n<p>Christian Broussas, Feyzin le vendredi 15\/10\/ 2010<\/p>\n<figure id=\"attachment_2409\" aria-describedby=\"caption-attachment-2409\" style=\"width: 480px\" class=\"wp-caption aligncenter\"><img loading=\"lazy\" class=\" aligncenter size-full wp-image-2409\" src=\"https:\/\/terresdecrivains.org\/wp-content\/uploads\/2010\/10\/jpg_Caluire_berges2def.jpg\" alt=\"Les berges de Caluire (ph. Christian Broussas)\" title=\"Les berges de Caluire (ph. Christian Broussas)\" class=\"caption\" align=\"center\" width=\"480\" height=\"368\" srcset=\"https:\/\/terresdecrivains.org\/wp-content\/uploads\/2010\/10\/jpg_Caluire_berges2def.jpg 480w, https:\/\/terresdecrivains.org\/wp-content\/uploads\/2010\/10\/jpg_Caluire_berges2def-300x230.jpg 300w\" sizes=\"(max-width: 480px) 94vw, 480px\" \/><figcaption id=\"caption-attachment-2409\" class=\"wp-caption-text\">Les berges de Caluire (ph. Christian Broussas)<\/figcaption><\/figure>\n<figure id=\"attachment_2410\" aria-describedby=\"caption-attachment-2410\" style=\"width: 480px\" class=\"wp-caption aligncenter\"><img loading=\"lazy\" class=\" aligncenter size-full wp-image-2410\" src=\"https:\/\/terresdecrivains.org\/wp-content\/uploads\/2010\/10\/jpg_Caluire_Bellevue3def.jpg\" alt=\"Le quartier de Bellevue (ph. Christian Broussas)\" title=\"Le quartier de Bellevue (ph. Christian Broussas)\" class=\"caption\" align=\"center\" width=\"480\" height=\"368\" srcset=\"https:\/\/terresdecrivains.org\/wp-content\/uploads\/2010\/10\/jpg_Caluire_Bellevue3def.jpg 480w, https:\/\/terresdecrivains.org\/wp-content\/uploads\/2010\/10\/jpg_Caluire_Bellevue3def-300x230.jpg 300w\" sizes=\"(max-width: 480px) 94vw, 480px\" \/><figcaption id=\"caption-attachment-2410\" class=\"wp-caption-text\">Le quartier de Bellevue (ph. Christian Broussas)<\/figcaption><\/figure>\n<figure id=\"attachment_2411\" aria-describedby=\"caption-attachment-2411\" style=\"width: 480px\" class=\"wp-caption aligncenter\"><img loading=\"lazy\" class=\" aligncenter size-full wp-image-2411\" src=\"https:\/\/terresdecrivains.org\/wp-content\/uploads\/2010\/10\/jpg_Caluire_Bellevue2def.jpg\" alt=\"Le quartier de Bellevue (ph. Christian Broussas)\" title=\"Le quartier de Bellevue (ph. Christian Broussas)\" class=\"caption\" align=\"center\" width=\"480\" height=\"377\" srcset=\"https:\/\/terresdecrivains.org\/wp-content\/uploads\/2010\/10\/jpg_Caluire_Bellevue2def.jpg 480w, https:\/\/terresdecrivains.org\/wp-content\/uploads\/2010\/10\/jpg_Caluire_Bellevue2def-300x236.jpg 300w\" sizes=\"(max-width: 480px) 94vw, 480px\" \/><figcaption id=\"caption-attachment-2411\" class=\"wp-caption-text\">Le quartier de Bellevue (ph. Christian Broussas)<\/figcaption><\/figure>\n<p><strong>Autres fiches \u00e0 consulter sur ce site\u00a0:<\/strong><br \/>\n&#8211; <a href=\"https:\/\/terresdecrivains.org\/index.php\/2003\/08\/29\/antoine-de-saint-exupery-a-lyon-paris\/\">\u00a0\u00bb\u00a0Antoine de Saint-Exup\u00e9ry \u00e0 Lyon, Paris&#8230;\u00a0\u00bb<\/a>\u00a0;<br \/>\n&#8211; <a href=\"https:\/\/terresdecrivains.org\/index.php\/2010\/04\/20\/jean-jacques-rousseau-a-lyon\/\">\u00a0\u00bb Jean-Jacques Rousseau \u00e0 Lyon\u00a0\u00bb<\/a> ;<br \/>\n&#8211; <a href=\"https:\/\/terresdecrivains.org\/index.php\/2003\/08\/14\/petrus-borel-a-lyon-paris\/\">\u00a0\u00bb\u00a0P\u00e9trus Borel \u00e0 Lyon, Paris&#8230;\u00a0\u00bb<\/a>\u00a0;<br \/>\n&#8211; <a href=\"https:\/\/terresdecrivains.org\/index.php\/2003\/10\/04\/albert-camus\/\">\u00a0\u00bb\u00a0Albert Camus au Panelier (haute Loire)<\/a> et <a href=\"https:\/\/terresdecrivains.org\/index.php\/2009\/02\/05\/albert-camus-en-1943-a-lyon\/\">\u00e0 Lyon<\/a> en 1943&Prime;\u00a0;<br \/>\n&#8211; <a href=\"https:\/\/terresdecrivains.org\/index.php\/2003\/08\/14\/bernard-clavel\/\">\u00a0\u00bb\u00a0Bernard Clavel \u00e0 Ch\u00e2teau-Chalon \u00ab\u00a0<\/a> (pr\u00e8s de Lons-le-Saunier)\u00a0;<br \/>\n&#8211; <a href=\"https:\/\/terresdecrivains.org\/index.php\/2009\/05\/25\/roger-vailland-aux-allymes-dans-le-bugey\/\">\u00a0\u00bb\u00a0Roger Vailland aux Allymes dans le Bugey (Ain)\u00a0\u00bb<\/a>\u00a0;<br \/>\n&#8211; <a href=\"https:\/\/terresdecrivains.org\/index.php\/2009\/12\/21\/bernard-clavel-a-courmangoux-dans-le-revermont\/\">\u00a0\u00bb\u00a0Bernard Clavel \u00e0 Courmangoux dans l&#8217;Ain\u00a0\u00bb<\/a>\u00a0.<\/p>\n<p><strong>R\u00e9f\u00e9rences bibliographiques,  &#339;uvres \u00e0 caract\u00e8re autobiographique\u00a0:<\/strong><br \/>\n&#8211; \u00a0\u00bb\u00a0M\u00e9moires d&#8217;un touriste (1838)\u00a0\u00bb,<br \/>\n&#8211; \u00a0\u00bb\u00a0Journal de Stendhal (1801-1823)\u00a0\u00bb,<br \/>\n&#8211; \u00a0\u00bb\u00a0De l&#8217;amour (1822)\u00a0\u00bb,<br \/>\n&#8211; \u00a0\u00bb\u00a0La vie de Henri Brulard (1835)\u00a0\u00bb,<br \/>\n&#8211; \u00a0\u00bb\u00a0Correspondance de Stendhal (1855)\u00a0\u00bb.<\/p>\n","protected":false},"excerpt":{"rendered":"<p>Stendhal, grand voyageur qui aima passionn\u00e9ment l&#8217;Italie, \u00e9tait attir\u00e9, non pas tant par la ville de Lyon que [&hellip;]<\/p>\n","protected":false},"author":16,"featured_media":2408,"comment_status":"closed","ping_status":"open","sticky":false,"template":"","format":"standard","meta":[],"categories":[2],"tags":[31],"_links":{"self":[{"href":"https:\/\/terresdecrivains.org\/index.php\/wp-json\/wp\/v2\/posts\/901"}],"collection":[{"href":"https:\/\/terresdecrivains.org\/index.php\/wp-json\/wp\/v2\/posts"}],"about":[{"href":"https:\/\/terresdecrivains.org\/index.php\/wp-json\/wp\/v2\/types\/post"}],"author":[{"embeddable":true,"href":"https:\/\/terresdecrivains.org\/index.php\/wp-json\/wp\/v2\/users\/16"}],"replies":[{"embeddable":true,"href":"https:\/\/terresdecrivains.org\/index.php\/wp-json\/wp\/v2\/comments?post=901"}],"version-history":[{"count":8,"href":"https:\/\/terresdecrivains.org\/index.php\/wp-json\/wp\/v2\/posts\/901\/revisions"}],"predecessor-version":[{"id":3955,"href":"https:\/\/terresdecrivains.org\/index.php\/wp-json\/wp\/v2\/posts\/901\/revisions\/3955"}],"wp:featuredmedia":[{"embeddable":true,"href":"https:\/\/terresdecrivains.org\/index.php\/wp-json\/wp\/v2\/media\/2408"}],"wp:attachment":[{"href":"https:\/\/terresdecrivains.org\/index.php\/wp-json\/wp\/v2\/media?parent=901"}],"wp:term":[{"taxonomy":"category","embeddable":true,"href":"https:\/\/terresdecrivains.org\/index.php\/wp-json\/wp\/v2\/categories?post=901"},{"taxonomy":"post_tag","embeddable":true,"href":"https:\/\/terresdecrivains.org\/index.php\/wp-json\/wp\/v2\/tags?post=901"}],"curies":[{"name":"wp","href":"https:\/\/api.w.org\/{rel}","templated":true}]}}